{"id":89177,"date":"2026-09-05T17:00:17","date_gmt":"2026-09-05T15:00:17","guid":{"rendered":"https:\/\/sur-madrid.com\/online\/getafe-donara-la-recaudacion-del-festival-de-santa-cecilia-a-las-ong-que-trabajan-en-ceuta\/"},"modified":"2026-09-05T17:00:17","modified_gmt":"2026-09-05T15:00:17","slug":"getafe-donara-la-recaudacion-del-festival-de-santa-cecilia-a-las-ong-que-trabajan-en-ceuta","status":"publish","type":"post","link":"https:\/\/sur-madrid.com\/online\/getafe-donara-la-recaudacion-del-festival-de-santa-cecilia-a-las-ong-que-trabajan-en-ceuta\/","title":{"rendered":"Getafe donar\u00e1 la recaudaci\u00f3n del Festival de Santa Cecilia a las ONG que trabajan en Ceuta"},"content":{"rendered":"\n\n<img decoding=\"async\" src=\"https:\/\/sur-madrid.com\/online\/\/wp-content\/uploads\/2026\/09\/santa_cecilia-800x445-1.jpg\" alt=\"Getafe donar\u00e1 la recaudaci\u00f3n del Festival de Santa Cecilia a las ONG que trabajan en Ceuta\" style=\"max-width:100%;height:auto;margin:0 auto\" \/>\n\n\n\n\n<p><strong><em>El certamen municipal destinar\u00e1 \u00edntegramente los fondos de su edici\u00f3n 2026 a la atenci\u00f3n humanitaria en la ciudad aut\u00f3noma<\/em><\/strong><\/p>\n\n\n\n\n<p>El certamen municipal destinar\u00e1 \u00edntegramente los fondos de su edici\u00f3n 2026 a la atenci\u00f3n humanitaria en la ciudad aut\u00f3noma<\/p>\n\n\n\n\n<p>El Ayuntamiento se alinea con el mensaje del Gobierno de Espa\u00f1a para reclamar empat\u00eda, humanidad y cooperaci\u00f3n institucional frente a la crisis migratoria<\/p>\n\n\n\n\n<img decoding=\"async\" src=\"https:\/\/sur-madrid.com\/online\/\/wp-content\/uploads\/2026\/09\/santa_cecilia-800x445-2.jpg\" alt=\"Getafe donar\u00e1 la recaudaci\u00f3n del Festival de Santa Cecilia a las ONG que trabajan en Ceuta\" style=\"max-width:100%;height:auto;margin:0 auto\" \/>\n\n\n\n\n<p>El Ayuntamiento de Getafe donar\u00e1 la recaudaci\u00f3n del Festival de Santa Cecilia 2026, que se celebrar\u00e1 en el mes de noviembre, a las Organizaciones No Gubernamentales (ONG) que colaboran actualmente en la atenci\u00f3n humanitaria en la ciudad aut\u00f3noma de Ceuta. Este emblem\u00e1tico festival, que conmemora a la patrona de los m\u00fasicos, mantiene su tradicional y marcado car\u00e1cter ben\u00e9fico, cediendo los fondos de sus actividades a proyectos solidarios, tal y como hizo en 2025 con la organizaci\u00f3n Special Olympics, o en ediciones anteriores con entidades como Cruz Roja, C\u00e1ritas o el Banco de Alimentos.<\/p>\n\n\n\n\n<p>Como explica el concejal de Convivencia, Luis Dom\u00ednguez, \u201cante la crisis que se est\u00e1 viviendo en Ceuta, la respuesta de los espa\u00f1oles debe ser un\u00e1nime, coordinando y colaborando desde todas las instituciones, as\u00ed como desplegando los recursos necesarios en defensa de la seguridad e integridad de nuestras fronteras\u201d. En este sentido, el Gobierno Municipal de Getafe no quiere quedarse al margen de un reto de pa\u00eds que requiere del esfuerzo conjunto de todas las administraciones para garantizar la cohesi\u00f3n social.<\/p>\n\n\n\n\n<p>Esta iniciativa municipal se enmarca en la misma l\u00ednea de responsabilidad institucional defendida por el Gobierno de Espa\u00f1a. Resulta imprescindible articular las respuestas desde un \u00e1mbito a favor de la humanidad, criticando abiertamente las posiciones excluyentes que mantienen la derecha y la ultraderecha. Por ello, el Gobierno local de Getafe rechaza el oportunismo pol\u00edtico del que una vez m\u00e1s quieren hacer gala estas formaciones, generando m\u00e1s crispaci\u00f3n, instrumentalizando el drama humano y fomentando el partidismo all\u00ed donde debe reinar la convivencia ciudadana.<\/p>\n\n\n\n\n<p>Frente a los intentos de divisi\u00f3n, Getafe vuelve a demostrar con hechos que es una ciudad profundamente solidaria y comprometida ante situaciones de extrema complejidad, como ya ha acreditado a lo largo de su historia. Con este nuevo gesto de aportaci\u00f3n econ\u00f3mica, el municipio reafirma tambi\u00e9n su compromiso con el trabajo incansable que desarrollan sobre el terreno las ONG y las instituciones encargadas de prestar apoyo. El objetivo \u00faltimo de esta movilizaci\u00f3n es sumar recursos tangibles para fortalecer una atenci\u00f3n digna, eficaz y coordinada en la zona a quienes lo requieran.<\/p>\n\n\n\n\n<p>&nbsp;<\/p>\n\n\n\n\n<p>1 septiembre, 2026<\/p>\n\n\n\n\n<p>Ayuntamiento de Getafe<\/p>\n\n<div class=\"madri-despues-del-contenido madri-entity-placement\" id=\"madri-413885999\"><div id=\"madri-1759474237\"><p><a href=\"https:\/\/8madrid.tv\/\" target=\"_blank\" rel=\"noopener noreferrer\"><img decoding=\"async\" src=\"https:\/\/sur-madrid.com\/PUB\/2024\/8madridTV-Cabecera_700x160_15-11-2024_15-11-227.gif\" alt=\"Publicabecera\"><\/a><\/p>\n<\/div><\/div><div class=\"madri-debajo-de-la-noticia madri-entity-placement\" id=\"madri-803403928\"><div id=\"madri-2796019506\"><p><a href=\"https:\/\/8madrid.tv\/\" target=\"_blank\" rel=\"noopener noreferrer\"><img decoding=\"async\" src=\"https:\/\/sur-madrid.com\/PUB\/2024\/8madridTV-Cuadrado_625x521_15-11-2024_15-11-227.gif\"><\/a><\/p>\n<\/div><\/div>","protected":false},"excerpt":{"rendered":"<p>El certamen municipal destinar\u00e1 \u00edntegramente los fondos de su edici\u00f3n 2026 a la atenci\u00f3n humanitaria en la ciudad aut\u00f3noma El certamen municipal destinar\u00e1 \u00edntegramente los fondos de su edici\u00f3n 2026 a la atenci\u00f3n humanitaria en la ciudad aut\u00f3noma El Ayuntamiento se alinea con el mensaje del Gobierno de Espa\u00f1a para reclamar empat\u00eda, humanidad y cooperaci\u00f3n [&hellip;]<\/p>\n","protected":false},"author":7,"featured_media":89175,"comment_status":"","ping_status":"","sticky":false,"template":"","format":"standard","meta":{"footnotes":""},"categories":[16],"tags":[],"class_list":["post-89177","post","type-post","status-publish","format-standard","has-post-thumbnail","hentry","category-getafe"],"_links":{"self":[{"href":"https:\/\/sur-madrid.com\/online\/wp-json\/wp\/v2\/posts\/89177","targetHints":{"allow":["GET"]}}],"collection":[{"href":"https:\/\/sur-madrid.com\/online\/wp-json\/wp\/v2\/posts"}],"about":[{"href":"https:\/\/sur-madrid.com\/online\/wp-json\/wp\/v2\/types\/post"}],"author":[{"embeddable":true,"href":"https:\/\/sur-madrid.com\/online\/wp-json\/wp\/v2\/users\/7"}],"replies":[{"embeddable":true,"href":"https:\/\/sur-madrid.com\/online\/wp-json\/wp\/v2\/comments?post=89177"}],"version-history":[{"count":0,"href":"https:\/\/sur-madrid.com\/online\/wp-json\/wp\/v2\/posts\/89177\/revisions"}],"wp:featuredmedia":[{"embeddable":true,"href":"https:\/\/sur-madrid.com\/online\/wp-json\/wp\/v2\/media\/89175"}],"wp:attachment":[{"href":"https:\/\/sur-madrid.com\/online\/wp-json\/wp\/v2\/media?parent=89177"}],"wp:term":[{"taxonomy":"category","embeddable":true,"href":"https:\/\/sur-madrid.com\/online\/wp-json\/wp\/v2\/categories?post=89177"},{"taxonomy":"post_tag","embeddable":true,"href":"https:\/\/sur-madrid.com\/online\/wp-json\/wp\/v2\/tags?post=89177"}],"curies":[{"name":"wp","href":"https:\/\/api.w.org\/{rel}","templated":true}]}}