{"id":89116,"date":"2026-09-05T14:57:12","date_gmt":"2026-09-05T12:57:12","guid":{"rendered":"https:\/\/sur-madrid.com\/online\/?p=89116"},"modified":"2026-09-05T14:57:12","modified_gmt":"2026-09-05T12:57:12","slug":"la-ii-temporada-de-escena-combina-grandes-nombres-con-nuevas-miradas-de-teatro-danza-musica-circo-y-espectaculos-infantiles","status":"publish","type":"post","link":"https:\/\/sur-madrid.com\/online\/la-ii-temporada-de-escena-combina-grandes-nombres-con-nuevas-miradas-de-teatro-danza-musica-circo-y-espectaculos-infantiles\/","title":{"rendered":"La II Temporada de Escena combina grandes nombres con nuevas miradas de teatro, danza, m\u00fasica, circo y espect\u00e1culos infantiles"},"content":{"rendered":"\n\n<img decoding=\"async\" src=\"https:\/\/sur-madrid.com\/online\/\/wp-content\/uploads\/2026\/09\/ii-temporada-escena-combina-grandes-nombres-nuevas-miradas-scaled.jpg\" alt=\"La II Temporada de Escena combina grandes nombres con nuevas miradas de teatro, danza, m\u00fasica, circo y espect\u00e1culos infantiles\" style=\"max-width:100%;height:auto;margin:0 auto\" \/>\n\n\n\n\n<p><strong>Del 19 de septiembre al 30 de diciembre, se ofrecer\u00e1n m\u00e1s de 40 espect\u00e1culos de teatro, danza, m\u00fasica, circo y espect\u00e1culos familiares.<\/strong><\/p>\n\n\n\n\n<p><strong>Como novedad, se celebrar\u00e1 por primera vez el Festival \u00c1gora Jazz, en el que participar\u00e1n m\u00fasicos como Zenet, Daniel Garc\u00eda, Marc Miralta o Yamandu Costa, que llega como ganador de un Grammy Latino en 2021.<\/strong><\/p>\n\n\n\n\n<p><strong>Durante 2026 Escena programar\u00e1 un total de 113 espect\u00e1culos, a los que se estima que asistan cerca de 50.000 personas.<\/strong><\/p>\n\n\n\n\n<p>Teatro, danza, m\u00fasica, circo y espect\u00e1culos familiares vuelven a encontrarse en la II temporada de Escena 2026 que combina grandes nombres y compa\u00f1\u00edas de reconocido prestigio con nuevas miradas y propuestas innovadoras.<\/p>\n\n\n\n\n<p>En la presentaci\u00f3n de esta segunda edici\u00f3n de 2026, celebrada hoy en el Teatro del Bosque, el alcalde de M\u00f3stoles, Manuel Bautista, que ha estado acompa\u00f1ado de la concejal de Educaci\u00f3n y Cultura, Cristina Molina, ha puesto en valor la programaci\u00f3n que refuerza la \u00abapuesta\u00bb de la ciudad por la cultura y consolida a M\u00f3stoles como un referente en la Comunidad de Madrid, con una \u00aboferta diversa, ambiciosa y de calidad, dirigida a p\u00fablicos de todas las edades\u00bb.<\/p>\n\n\n\n\n<img decoding=\"async\" src=\"https:\/\/sur-madrid.com\/online\/\/wp-content\/uploads\/2026\/09\/ii-temporada-escena-combina-grandes-nombres-nuevas-miradas-1-scaled.jpg\" alt=\"La II Temporada de Escena combina grandes nombres con nuevas miradas de teatro, danza, m\u00fasica, circo y espect\u00e1culos infantiles\" style=\"max-width:100%;height:auto;margin:0 auto\" \/>\n\n\n\n\n<p>\u00abM\u00f3stoles volver\u00e1 a ser el epicentro de las artes esc\u00e9nicas de la regi\u00f3n con la presencia de destacados artistas a nivel nacional e internacional en disciplinas como el teatro, la danza, el jazz o el flamenco, entre otros\u00bb, ha destacado.<\/p>\n\n\n\n\n<p>Con el objetivo de acercar la cultura a todos los mostole\u00f1os y atraer tambi\u00e9n a vecinos de otros municipios de la regi\u00f3n, del 19 de septiembre al 30 de diciembre se ofrecer\u00e1n m\u00e1s de 40 espect\u00e1culos dirigidos a todos los p\u00fablicos. De este modo, a lo largo de 2026 se habr\u00e1n programado un total de 113 propuestas culturales, a las que se estima que asistir\u00e1n cerca de 50.000 personas.<\/p>\n\n\n\n\n<img decoding=\"async\" src=\"https:\/\/sur-madrid.com\/online\/\/wp-content\/uploads\/2026\/09\/ii-temporada-escena-combina-grandes-nombres-nuevas-miradas_img01-scaled.jpg\" alt=\"La II Temporada de Escena combina grandes nombres con nuevas miradas de teatro, danza, m\u00fasica, circo y espect\u00e1culos infantiles\" style=\"max-width:100%;height:auto;margin:0 auto\" \/>\n\n\n\n\n<p>Esta temporada contar\u00e1 con la participaci\u00f3n de actores, directores, dramaturgos y compa\u00f1\u00edas como Carmen Morales, Juan Carlos Rubio, Daniel Miguel\u00e1\u00f1ez, Roberto Enr\u00edquez, Pilar Castro, Ron Lal\u00e1 y Joaqu\u00edn Notario.<\/p>\n\n\n\n\n<p>En danza, llegar\u00e1n artistas relevantes como Sergio Bernal, quien fuera primer bailar\u00edn del Ballet Nacional de Espa\u00f1a, con el que se inaugura esta temporada. A \u00e9l se suman Mar\u00eda Pag\u00e9s, Premio Princesa de Asturias de las Artes, y El Arbi El Harti, que estar\u00e1n con \u00abDe Scheherezade\u00bb; David Coria, figura de la vanguardia flamenca, con \u00abBabel. Torre Viva\u00bb; y Chey Jurado, Premio Ojo Cr\u00edtico de Danza de RTVE, que presenta el estreno absoluto de \u00abMarea Weekend\u00bb.<\/p>\n\n\n\n\n<img decoding=\"async\" src=\"https:\/\/sur-madrid.com\/online\/\/wp-content\/uploads\/2026\/09\/ii-temporada-escena-combina-grandes-nombres-nuevas-miradas_img02-scaled.jpg\" alt=\"La II Temporada de Escena combina grandes nombres con nuevas miradas de teatro, danza, m\u00fasica, circo y espect\u00e1culos infantiles\" style=\"max-width:100%;height:auto;margin:0 auto\" \/>\n\n\n\n\n<p>Como novedad, la programaci\u00f3n incluye el estreno de Festival \u00c1gora Jazz, que concentra buena parte de los grandes nombres musicales: Zenet, Daniel Garc\u00eda, Marc Miralta o Yamandu Costa, que llega como ganador de un Grammy Latino en 2021.<\/p>\n\n\n\n\n<p>Adem\u00e1s, se celebrar\u00e1 el Festival Flamenco 2026, que tendr\u00e1 lugar del 8 al 10 de octubre y que estar\u00e1 protagonizado por Remedios Amaya, Gerardo N\u00fa\u00f1ez, Diego del Morao, Dani de Mor\u00f3n, Montse Cort\u00e9s, La Fabi y La Ka\u00edta, entre otros.<\/p>\n\n\n\n\n<img decoding=\"async\" src=\"https:\/\/sur-madrid.com\/online\/\/wp-content\/uploads\/2026\/09\/ii-temporada-escena-combina-grandes-nombres-nuevas-miradas_img03-scaled.jpg\" alt=\"La II Temporada de Escena combina grandes nombres con nuevas miradas de teatro, danza, m\u00fasica, circo y espect\u00e1culos infantiles\" style=\"max-width:100%;height:auto;margin:0 auto\" \/>\n\n\n\n\n<p>Adem\u00e1s, este a\u00f1o el 44\u00ba Festival de Oto\u00f1o traer\u00e1 a M\u00f3stoles espect\u00e1culos como \u00abMarea Weekend\u00bb, \u00abHistoria de un jabal\u00ed\u00bb y \u00abBabel. Torre Viva\u00bb.<\/p>\n\n\n\n\n<p>La presentaci\u00f3n ha contado con la presencia, adem\u00e1s del alcalde y de la concejal de Educaci\u00f3n y Cultura, de miembros del Gobierno municipal; representantes de la Corporaci\u00f3n municipal; el director general de Artes Esc\u00e9nicas, \u00c1ngel Rojas; el director del conservatorio de m\u00fasica de M\u00f3stoles, Mateo Lorente; Juan Carlos Rubio, director teatral y dramaturgo; Carmen Morales, actriz y cantante; Daniel Miguel\u00e1\u00f1ez, actor, director y dramaturgo; Chey Jurado, bailar\u00edn y core\u00f3grafo; Sergio Bernal, bailar\u00edn y core\u00f3grafo; Mar\u00eda Pag\u00e9s, directora del Centro Danza Matadero; El Arbi El Harti, dramaturgo y director del Centro Danza Matadero; Maui, cantante y compositora; Sara Cano, core\u00f3grafa y directora; Elena Santonja, productora y distribuidora de danza; Emilia Yag\u00fce, productora y distribuidora de teatro; Joni Jim\u00e9nez, guitarrista flamenco; Daniel Rovalher, miembro de la compa\u00f1\u00eda Ron Lal\u00e1; Alejandro Lara, core\u00f3grafo y bailar\u00edn; Mariano Cruceta, core\u00f3grafo y bailaor; y Gloria Solera, m\u00fasico y cantante.<\/p>\n\n\n\n\n<img decoding=\"async\" src=\"https:\/\/sur-madrid.com\/online\/\/wp-content\/uploads\/2026\/09\/ii-temporada-escena-combina-grandes-nombres-nuevas-miradas_img04-scaled.jpg\" alt=\"La II Temporada de Escena combina grandes nombres con nuevas miradas de teatro, danza, m\u00fasica, circo y espect\u00e1culos infantiles\" style=\"max-width:100%;height:auto;margin:0 auto\" \/>\n\n\n\n\n<p>Los asistentes, durante el acto, han podido disfrutar de la actuaci\u00f3n art\u00edstica de Daniel Miguel\u00e1\u00f1ez, actor, director y dramaturgo; de Chey Jurado, bailar\u00edn y core\u00f3grafo; y de Joni Jim\u00e9nez, guitarrista flamenco, Bord\u00f3n Minero del Festival del Cante de las Minas.<\/p>\n\n\n\n\n<p>Venta de entradas<\/p>\n\n\n\n\n<img decoding=\"async\" src=\"https:\/\/sur-madrid.com\/online\/\/wp-content\/uploads\/2026\/09\/ii-temporada-escena-combina-grandes-nombres-nuevas-miradas_img05-scaled.jpg\" alt=\"La II Temporada de Escena combina grandes nombres con nuevas miradas de teatro, danza, m\u00fasica, circo y espect\u00e1culos infantiles\" style=\"max-width:100%;height:auto;margin:0 auto\" \/>\n\n\n\n\n<p>La venta de entradas para la II Temporada 2026 (septiembre \u2013 diciembre) comenzar\u00e1, en el caso de la programaci\u00f3n de adultos, el lunes 7 de septiembre y el martes 8 las correspondientes a la programaci\u00f3n infantil.<\/p>\n\n\n\n\n<p>Las entradas se podr\u00e1n adquirir de manera online en escenamostoles.com Este enlace se abrir\u00e1 en una ventana nueva. o de forma presencial en el Teatro del Bosque, Teatro Villa de M\u00f3stoles y Teatro El Soto.<\/p>\n\n\n\n\n<p>&nbsp;<\/p>\n\n\n\n\n<p>3 de septiembre de 2026<\/p>\n\n\n\n\n<p>Ayuntamiento de M\u00f3stoles<\/p>\n\n<div class=\"madri-despues-del-contenido madri-entity-placement\" id=\"madri-3109096027\"><div id=\"madri-2077104419\"><p><a href=\"https:\/\/8madrid.tv\/\" target=\"_blank\" rel=\"noopener noreferrer\"><img decoding=\"async\" src=\"https:\/\/sur-madrid.com\/PUB\/2024\/8madridTV-Cabecera_700x160_15-11-2024_15-11-227.gif\" alt=\"Publicabecera\"><\/a><\/p>\n<\/div><\/div><div class=\"madri-debajo-de-la-noticia madri-entity-placement\" id=\"madri-1950184806\"><div id=\"madri-3869568359\"><p><a href=\"https:\/\/8madrid.tv\/\" target=\"_blank\" rel=\"noopener noreferrer\"><img decoding=\"async\" src=\"https:\/\/sur-madrid.com\/PUB\/2024\/8madridTV-Cuadrado_625x521_15-11-2024_15-11-227.gif\"><\/a><\/p>\n<\/div><\/div>","protected":false},"excerpt":{"rendered":"<p>Del 19 de septiembre al 30 de diciembre, se ofrecer\u00e1n m\u00e1s de 40 espect\u00e1culos de teatro, danza, m\u00fasica, circo y espect\u00e1culos familiares. Como novedad, se celebrar\u00e1 por primera vez el Festival \u00c1gora Jazz, en el que participar\u00e1n m\u00fasicos como Zenet, Daniel Garc\u00eda, Marc Miralta o Yamandu Costa, que llega como ganador de un Grammy Latino [&hellip;]<\/p>\n","protected":false},"author":2,"featured_media":89109,"comment_status":"closed","ping_status":"","sticky":false,"template":"","format":"standard","meta":{"footnotes":""},"categories":[2],"tags":[],"class_list":["post-89116","post","type-post","status-publish","format-standard","has-post-thumbnail","hentry","category-mostoles"],"_links":{"self":[{"href":"https:\/\/sur-madrid.com\/online\/wp-json\/wp\/v2\/posts\/89116","targetHints":{"allow":["GET"]}}],"collection":[{"href":"https:\/\/sur-madrid.com\/online\/wp-json\/wp\/v2\/posts"}],"about":[{"href":"https:\/\/sur-madrid.com\/online\/wp-json\/wp\/v2\/types\/post"}],"author":[{"embeddable":true,"href":"https:\/\/sur-madrid.com\/online\/wp-json\/wp\/v2\/users\/2"}],"replies":[{"embeddable":true,"href":"https:\/\/sur-madrid.com\/online\/wp-json\/wp\/v2\/comments?post=89116"}],"version-history":[{"count":1,"href":"https:\/\/sur-madrid.com\/online\/wp-json\/wp\/v2\/posts\/89116\/revisions"}],"predecessor-version":[{"id":89173,"href":"https:\/\/sur-madrid.com\/online\/wp-json\/wp\/v2\/posts\/89116\/revisions\/89173"}],"wp:featuredmedia":[{"embeddable":true,"href":"https:\/\/sur-madrid.com\/online\/wp-json\/wp\/v2\/media\/89109"}],"wp:attachment":[{"href":"https:\/\/sur-madrid.com\/online\/wp-json\/wp\/v2\/media?parent=89116"}],"wp:term":[{"taxonomy":"category","embeddable":true,"href":"https:\/\/sur-madrid.com\/online\/wp-json\/wp\/v2\/categories?post=89116"},{"taxonomy":"post_tag","embeddable":true,"href":"https:\/\/sur-madrid.com\/online\/wp-json\/wp\/v2\/tags?post=89116"}],"curies":[{"name":"wp","href":"https:\/\/api.w.org\/{rel}","templated":true}]}}