{"id":89091,"date":"2026-09-05T14:57:14","date_gmt":"2026-09-05T12:57:14","guid":{"rendered":"https:\/\/sur-madrid.com\/online\/?p=89091"},"modified":"2026-09-05T14:57:14","modified_gmt":"2026-09-05T12:57:14","slug":"la-artista-maca-calma-invita-a-reflexionar-sobre-el-crecimiento-personal-con-kaizen","status":"publish","type":"post","link":"https:\/\/sur-madrid.com\/online\/la-artista-maca-calma-invita-a-reflexionar-sobre-el-crecimiento-personal-con-kaizen\/","title":{"rendered":"La artista Maca Calma invita a reflexionar sobre el crecimiento personal con \u201cKaizen\u201d"},"content":{"rendered":"\n\n<img decoding=\"async\" src=\"https:\/\/sur-madrid.com\/online\/\/wp-content\/uploads\/2026\/09\/artista-maca-calma-invita-reflexionar-crecimiento-personal.jpg\" alt=\"La artista Maca Calma invita a reflexionar sobre el crecimiento personal con \u201cKaizen\u201d\" style=\"max-width:100%;height:auto;margin:0 auto\" \/>\n\n\n\n\n<p><strong>La muestra presenta un conjunto de obras realizadas en tinta china y papel de arroz con la t\u00e9cnica sumi-e, adem\u00e1s de acuarelas de estilo naif y collage digital.<\/strong><\/p>\n\n\n\n\n<p><strong>Se podr\u00e1 visitar del 3 de septiembre al 18 de octubre en el Centro Sociocultural El Soto.<\/strong><\/p>\n\n\n\n\n<p>La artista Maca Calma expone en el Centro Sociocultural El Soto, desde el 3 de septiembre hasta el 18 de octubre, la exposici\u00f3n titulada \u00abKaizen\u00bb, que re\u00fane obras realizadas en tinta china y papel de arroz con la t\u00e9cnica sumi-e, as\u00ed como acuarelas de estilo naif y collage digital.<\/p>\n\n\n\n\n<p>Al igual que el bamb\u00fa no crece de golpe, sino por tramos, donde cada nudo es una pausa, la muestra se despliega como un camino por recorrer, convirti\u00e9ndose en una experiencia transformadora.<\/p>\n\n\n\n\n<img decoding=\"async\" src=\"https:\/\/sur-madrid.com\/online\/\/wp-content\/uploads\/2026\/09\/artista-maca-calma-invita-reflexionar-crecimiento-personal-1.jpg\" alt=\"La artista Maca Calma invita a reflexionar sobre el crecimiento personal con \u201cKaizen\u201d\" style=\"max-width:100%;height:auto;margin:0 auto\" \/>\n\n\n\n\n<p>A trav\u00e9s del t\u00e9rmino japon\u00e9s Kaizen, compuesto por Kai (cambio) y Zen (a mejor), la exposici\u00f3n pretende mostrar c\u00f3mo a trav\u00e9s del trabajo continuo, la mejora, aunque sea m\u00ednima, se acumula, no siempre se percibe, pero sucede.<\/p>\n\n\n\n\n<p>Maca Calma, cuyo lenguaje principal es el color, presenta obras sumi-e (trabajando tinta china y el vac\u00edo), como un ejercicio de reducci\u00f3n, para centrarse en el silencio, la contenci\u00f3n y presencia, observando la estructura, la energ\u00eda. Si el color es expansi\u00f3n y emoci\u00f3n, con este tipo de obras busca la esencia, introspecci\u00f3n y calma.<\/p>\n\n\n\n\n<img decoding=\"async\" src=\"https:\/\/sur-madrid.com\/online\/\/wp-content\/uploads\/2026\/09\/artista-maca-calma-invita-reflexionar-crecimiento-personal_img01.jpg\" alt=\"La artista Maca Calma invita a reflexionar sobre el crecimiento personal con \u201cKaizen\u201d\" style=\"max-width:100%;height:auto;margin:0 auto\" \/>\n\n\n\n\n<p>Para Maca Calma, sumi-e es un espacio de meditaci\u00f3n dentro de la pr\u00e1ctica art\u00edstica. Un retorno a lo esencial antes del volver al color.<\/p>\n\n\n\n\n<p>Las obras invitan a detenerse, a encontrar en la simplicidad un momento de conexi\u00f3n con el propio ritmo interior, permitiendo al visitante sentir que camina junto al crecimiento Kaizen.<\/p>\n\n\n\n\n<p>&nbsp;<\/p>\n\n\n\n\n<p>24 de agosto de 2026<\/p>\n\n\n\n\n<p>Ayuntamiento de M\u00f3stoles<\/p>\n\n<div class=\"madri-despues-del-contenido madri-entity-placement\" id=\"madri-3436274217\"><div id=\"madri-3531385787\"><p><a href=\"https:\/\/8madrid.tv\/\" target=\"_blank\" rel=\"noopener noreferrer\"><img decoding=\"async\" src=\"https:\/\/sur-madrid.com\/PUB\/2024\/8madridTV-Cabecera_700x160_15-11-2024_15-11-227.gif\" alt=\"Publicabecera\"><\/a><\/p>\n<\/div><\/div><div class=\"madri-debajo-de-la-noticia madri-entity-placement\" id=\"madri-4220035071\"><div id=\"madri-3928700425\"><p><a href=\"https:\/\/8madrid.tv\/\" target=\"_blank\" rel=\"noopener noreferrer\"><img decoding=\"async\" src=\"https:\/\/sur-madrid.com\/PUB\/2024\/8madridTV-Cuadrado_625x521_15-11-2024_15-11-227.gif\"><\/a><\/p>\n<\/div><\/div>","protected":false},"excerpt":{"rendered":"<p>La muestra presenta un conjunto de obras realizadas en tinta china y papel de arroz con la t\u00e9cnica sumi-e, adem\u00e1s de acuarelas de estilo naif y collage digital. Se podr\u00e1 visitar del 3 de septiembre al 18 de octubre en el Centro Sociocultural El Soto. La artista Maca Calma expone en el Centro Sociocultural El [&hellip;]<\/p>\n","protected":false},"author":2,"featured_media":89086,"comment_status":"closed","ping_status":"","sticky":false,"template":"","format":"standard","meta":{"footnotes":""},"categories":[2],"tags":[],"class_list":["post-89091","post","type-post","status-publish","format-standard","has-post-thumbnail","hentry","category-mostoles"],"_links":{"self":[{"href":"https:\/\/sur-madrid.com\/online\/wp-json\/wp\/v2\/posts\/89091","targetHints":{"allow":["GET"]}}],"collection":[{"href":"https:\/\/sur-madrid.com\/online\/wp-json\/wp\/v2\/posts"}],"about":[{"href":"https:\/\/sur-madrid.com\/online\/wp-json\/wp\/v2\/types\/post"}],"author":[{"embeddable":true,"href":"https:\/\/sur-madrid.com\/online\/wp-json\/wp\/v2\/users\/2"}],"replies":[{"embeddable":true,"href":"https:\/\/sur-madrid.com\/online\/wp-json\/wp\/v2\/comments?post=89091"}],"version-history":[{"count":1,"href":"https:\/\/sur-madrid.com\/online\/wp-json\/wp\/v2\/posts\/89091\/revisions"}],"predecessor-version":[{"id":89174,"href":"https:\/\/sur-madrid.com\/online\/wp-json\/wp\/v2\/posts\/89091\/revisions\/89174"}],"wp:featuredmedia":[{"embeddable":true,"href":"https:\/\/sur-madrid.com\/online\/wp-json\/wp\/v2\/media\/89086"}],"wp:attachment":[{"href":"https:\/\/sur-madrid.com\/online\/wp-json\/wp\/v2\/media?parent=89091"}],"wp:term":[{"taxonomy":"category","embeddable":true,"href":"https:\/\/sur-madrid.com\/online\/wp-json\/wp\/v2\/categories?post=89091"},{"taxonomy":"post_tag","embeddable":true,"href":"https:\/\/sur-madrid.com\/online\/wp-json\/wp\/v2\/tags?post=89091"}],"curies":[{"name":"wp","href":"https:\/\/api.w.org\/{rel}","templated":true}]}}