{"id":89084,"date":"2026-09-05T13:00:13","date_gmt":"2026-09-05T11:00:13","guid":{"rendered":"https:\/\/sur-madrid.com\/online\/el-ayuntamiento-de-getafe-organiza-la-fiesta-del-fin-del-verano-el-proximo-fin-de-semana\/"},"modified":"2026-09-05T13:00:13","modified_gmt":"2026-09-05T11:00:13","slug":"el-ayuntamiento-de-getafe-organiza-la-fiesta-del-fin-del-verano-el-proximo-fin-de-semana","status":"publish","type":"post","link":"https:\/\/sur-madrid.com\/online\/el-ayuntamiento-de-getafe-organiza-la-fiesta-del-fin-del-verano-el-proximo-fin-de-semana\/","title":{"rendered":"El Ayuntamiento de Getafe organiza la Fiesta del Fin del Verano el pr\u00f3ximo fin de semana"},"content":{"rendered":"\n\n<img decoding=\"async\" src=\"https:\/\/sur-madrid.com\/online\/\/wp-content\/uploads\/2026\/09\/20260818_1330_cultura_fiesta_fin_verano_instagram_1350x1080-800x445-1.jpg\" alt=\"El Ayuntamiento de Getafe organiza la Fiesta del Fin del Verano el pr\u00f3ximo fin de semana\" style=\"max-width:100%;height:auto;margin:0 auto\" \/>\n\n\n\n\n<p><strong><em>Se podr\u00e1 disfrutar de los conciertos de Modestia Aparte, Mescalina y Kids Rock Family en el escenario del lago, zona de roc\u00f3dromo e hinchables, zona de piraguas, zona de juegos tradicionales y zona de foodtrucks y restauraci\u00f3n<\/em><\/strong><\/p>\n\n\n\n\n<p>Se podr\u00e1 disfrutar de los conciertos de Modestia Aparte, Mescalina y Kids Rock Family en el escenario del lago, zona de roc\u00f3dromo e hinchables, zona de piraguas, zona de juegos tradicionales y zona de foodtrucks y restauraci\u00f3n<\/p>\n\n\n\n\n<p>El Ayuntamiento de Getafe a trav\u00e9s de su delegaci\u00f3n de Cultura, ha organizado una gran Fiesta de Fin de Verano, el pr\u00f3ximo fin de semana, del 4 al 6 de septiembre, en el Parque Alh\u00f3ndiga.<\/p>\n\n\n\n\n<img decoding=\"async\" src=\"https:\/\/sur-madrid.com\/online\/\/wp-content\/uploads\/2026\/09\/20260818_1330_cultura_fiesta_fin_verano_instagram_1350x1080-800x445-2.jpg\" alt=\"El Ayuntamiento de Getafe organiza la Fiesta del Fin del Verano el pr\u00f3ximo fin de semana\" style=\"max-width:100%;height:auto;margin:0 auto\" \/>\n\n\n\n\n<p>Se trata de un evento para todos los p\u00fablicos, donde se podr\u00e1 disfrutar de conciertos; actividades deportivas; t\u00edteres; teatro; ilusionismo y la Fiesta de la Espuma, y zona de foodtrucks y restauraci\u00f3n.<\/p>\n\n\n\n\n<p>El concejal de Cultura del Ayuntamiento de Getafe, Luis Dom\u00ednguez, invita a asistir a \u201ctodos los vecinos, en el encuentro con el que cerramos las actividades culturales del verano, para dar paso a la nueva temporada, reencontr\u00e1ndonos con los amigos, en un entorno verde, agradable y con actividades para todos los gustos y edades\u201d.<\/p>\n\n\n\n\n<p>Las actividades arrancan el viernes 4. Desde las 18:00 horas, se podr\u00e1n participar en la actividad de piraguas (para mayores de 8 a\u00f1os), y dar\u00e1n comienzo los talleres infantiles; hinchables y roc\u00f3dromo. De 17:30 hasta la 1:00, se abrir\u00e1 la zona de foodtrucks y restauraci\u00f3n. A las 18:30 horas habr\u00e1 actuaci\u00f3n de clown de Fausto Aldani \u2018El alquimista del sonido\u2019; a las 19:30 horas, la Fiesta de la espuma, y a las 20:30 horas, la actuaci\u00f3n de Pablo Quevedo, mago y finalista de programa Got Talent. A las 22:00 horas, tendr\u00e1 lugar el concierto de Modestia Aparte.<\/p>\n\n\n\n\n<p>El s\u00e1bado 5 se abre el Mercadillo GetArt, a las 17:30 horas, posteriormente habr\u00e1 actividades de piraguas (para mayores de 8 a\u00f1os), talleres y juegos como el d\u00eda anterior; dos sesiones de t\u00edteres, a las 18:00 y a las 19:00 horas; a las 19:30 horas la Fiesta de la Espuma; y a las 21:00 horas, el concierto de Kids Rock Family, un concierto familiar dise\u00f1ado para unir generaciones con la interpretaci\u00f3n de cl\u00e1sicos del rock como AC\/DC, Queen, The Beatles, Nirvana y Elvis Presley. Tras \u00e9ste, a las 22:30 horas, comenzar\u00e1 el concierto de Mescalina, con temas de los 80\u2019s en espa\u00f1ol. La zona de restauraci\u00f3n y foodtrucks estar\u00e1 abierta en el mismo horario que el d\u00eda anterior.<\/p>\n\n\n\n\n<p>El domingo 6 las actividades ser\u00e1n en horario de ma\u00f1ana, desde las 11:00 horas, con el Mercadillo GetArt; la zona de restauraci\u00f3n y foodtrucks, y las piraguas (para mayores de 8 a\u00f1os); talleres y juegos. A las 12:00 horas tendr\u00e1 lugar la actuaci\u00f3n familiar teatral \u2018Ayudantes del maestro de la imaginaci\u00f3n\u2019, y a las 13:00 horas la Fiesta de la Espuma pondr\u00e1 el broche final.<\/p>\n\n\n\n\n<p>&nbsp;<\/p>\n\n\n\n\n<p>1 septiembre, 2026<\/p>\n\n\n\n\n<p>Ayuntamiento de Getafe<\/p>\n\n<div class=\"madri-despues-del-contenido madri-entity-placement\" id=\"madri-4229175772\"><div id=\"madri-1704970714\"><p><a href=\"https:\/\/8madrid.tv\/\" target=\"_blank\" rel=\"noopener noreferrer\"><img decoding=\"async\" src=\"https:\/\/sur-madrid.com\/PUB\/2024\/8madridTV-Cabecera_700x160_15-11-2024_15-11-227.gif\" alt=\"Publicabecera\"><\/a><\/p>\n<\/div><\/div><div class=\"madri-debajo-de-la-noticia madri-entity-placement\" id=\"madri-1403287791\"><div id=\"madri-776696808\"><p><a href=\"https:\/\/8madrid.tv\/\" target=\"_blank\" rel=\"noopener noreferrer\"><img decoding=\"async\" src=\"https:\/\/sur-madrid.com\/PUB\/2024\/8madridTV-Cuadrado_625x521_15-11-2024_15-11-227.gif\"><\/a><\/p>\n<\/div><\/div>","protected":false},"excerpt":{"rendered":"<p>Se podr\u00e1 disfrutar de los conciertos de Modestia Aparte, Mescalina y Kids Rock Family en el escenario del lago, zona de roc\u00f3dromo e hinchables, zona de piraguas, zona de juegos tradicionales y zona de foodtrucks y restauraci\u00f3n Se podr\u00e1 disfrutar de los conciertos de Modestia Aparte, Mescalina y Kids Rock Family en el escenario del [&hellip;]<\/p>\n","protected":false},"author":7,"featured_media":89079,"comment_status":"","ping_status":"","sticky":false,"template":"","format":"standard","meta":{"footnotes":""},"categories":[16],"tags":[],"class_list":["post-89084","post","type-post","status-publish","format-standard","has-post-thumbnail","hentry","category-getafe"],"_links":{"self":[{"href":"https:\/\/sur-madrid.com\/online\/wp-json\/wp\/v2\/posts\/89084","targetHints":{"allow":["GET"]}}],"collection":[{"href":"https:\/\/sur-madrid.com\/online\/wp-json\/wp\/v2\/posts"}],"about":[{"href":"https:\/\/sur-madrid.com\/online\/wp-json\/wp\/v2\/types\/post"}],"author":[{"embeddable":true,"href":"https:\/\/sur-madrid.com\/online\/wp-json\/wp\/v2\/users\/7"}],"replies":[{"embeddable":true,"href":"https:\/\/sur-madrid.com\/online\/wp-json\/wp\/v2\/comments?post=89084"}],"version-history":[{"count":0,"href":"https:\/\/sur-madrid.com\/online\/wp-json\/wp\/v2\/posts\/89084\/revisions"}],"wp:featuredmedia":[{"embeddable":true,"href":"https:\/\/sur-madrid.com\/online\/wp-json\/wp\/v2\/media\/89079"}],"wp:attachment":[{"href":"https:\/\/sur-madrid.com\/online\/wp-json\/wp\/v2\/media?parent=89084"}],"wp:term":[{"taxonomy":"category","embeddable":true,"href":"https:\/\/sur-madrid.com\/online\/wp-json\/wp\/v2\/categories?post=89084"},{"taxonomy":"post_tag","embeddable":true,"href":"https:\/\/sur-madrid.com\/online\/wp-json\/wp\/v2\/tags?post=89084"}],"curies":[{"name":"wp","href":"https:\/\/api.w.org\/{rel}","templated":true}]}}