{"id":89066,"date":"2026-08-31T21:00:19","date_gmt":"2026-08-31T19:00:19","guid":{"rendered":"https:\/\/sur-madrid.com\/online\/getafe-renueva-el-recinto-ferial-de-el-bercial-con-una-nueva-pergola-y-bancos\/"},"modified":"2026-08-31T21:00:19","modified_gmt":"2026-08-31T19:00:19","slug":"getafe-renueva-el-recinto-ferial-de-el-bercial-con-una-nueva-pergola-y-bancos","status":"publish","type":"post","link":"https:\/\/sur-madrid.com\/online\/getafe-renueva-el-recinto-ferial-de-el-bercial-con-una-nueva-pergola-y-bancos\/","title":{"rendered":"Getafe renueva el Recinto Ferial de El Bercial con una nueva p\u00e9rgola y bancos"},"content":{"rendered":"\n\n<img decoding=\"async\" src=\"https:\/\/sur-madrid.com\/online\/\/wp-content\/uploads\/2026\/08\/20260827_recinto_bercial_01-800x445-1.jpg\" alt=\"Getafe renueva el Recinto Ferial de El Bercial con una nueva p\u00e9rgola y bancos\" style=\"max-width:100%;height:auto;margin:0 auto\" \/>\n\n\n\n\n<p><strong><em>Se suma a otras iniciativas del Ayuntamiento para ofrecer mayor confort clim\u00e1tico a los vecinos, como fuentes infantiles, nuevos ca\u00f1izos para sombra, y refugios clim\u00e1ticos en centros c\u00edvicos y Espacio Joven <\/em><\/strong><\/p>\n\n\n\n\n<p>Se suma a otras iniciativas del Ayuntamiento para ofrecer mayor confort clim\u00e1tico a los vecinos, como fuentes infantiles, nuevos ca\u00f1izos para sombra, y refugios clim\u00e1ticos en centros c\u00edvicos y Espacio Joven<\/p>\n\n\n\n\n<p>El Ayuntamiento de Getafe a trav\u00e9s de su delegaci\u00f3n de Mantenimiento, ha instalado una gran p\u00e9rgola en el Recinto Ferial de El Bercial. Se trata de una estructura formada por 16 grandes p\u00f3rticos, que generan 12 grandes sombras. Aprovechando esta actuaci\u00f3n, se ha compactado todo el suelo de zahorra del Recinto Ferial, y se han colocado bancos bajo la p\u00e9rgola. Con una inversi\u00f3n de 314.600 euros, los vecinos ya pueden disfrutar de esta moderna estructura que cuenta con se\u00f1al\u00e9tica retroiluminada.<\/p>\n\n\n\n\n<img decoding=\"async\" src=\"https:\/\/sur-madrid.com\/online\/\/wp-content\/uploads\/2026\/08\/20260827_recinto_bercial_01-800x445-2.jpg\" alt=\"Getafe renueva el Recinto Ferial de El Bercial con una nueva p\u00e9rgola y bancos\" style=\"max-width:100%;height:auto;margin:0 auto\" \/>\n\n\n\n\n<p>Como explica el concejal de Mantenimiento, Roberto Fern\u00e1ndez, \u201cesta actuaci\u00f3n se suma a todas las que estamos llevando a cabo en la ciudad, introduciendo medidas para hacerla m\u00e1s amable, moderniz\u00e1ndola y adapt\u00e1ndola para ofrecer mayor confort clim\u00e1tico a los vecinos\u201d.<\/p>\n\n\n\n\n<p>Este nuevo espacio de sombras y estancial en El Bercial, forma parte de la actuaci\u00f3n global que est\u00e1 llevando a cabo el Ayuntamiento de Getafe, con otras actuaciones de mejora en distintos puntos de la ciudad, para que las familias puedan aprovechar mejor el espacio p\u00fablico, y cuenten con refugios clim\u00e1ticos, especialmente durante los meses de m\u00e1s calor. Buen ejemplo de ello es la reci\u00e9n estrenada fuente infantil junto a la ermita del Parque de San Isidro, en la que los ni\u00f1os pueden ya divertirse y sofocar el calor, y que se completar\u00e1 con la instalaci\u00f3n de nuevos bancos para las familias, y la sustituci\u00f3n del ca\u00f1izo de sombra en el parque de San Isidro, como tambi\u00e9n se ha sustituido el de la plaza de Victoria Kent, el de Los Espartales o en Los Molinos.<\/p>\n\n\n\n\n<p>Recursos y refugios clim\u00e1ticos<\/p>\n\n\n\n\n<p>El verano pasado tambi\u00e9n se instal\u00f3 una fuente infantil, con gran \u00e9xito de uso, en la calle Huelva para las familias de Juan de la Cierva, sum\u00e1ndose a las fuentes transitables situadas en la plaza de San Sebasti\u00e1n y calle Arboleda, adem\u00e1s de la fuente infantil de la calle Catalu\u00f1a.<\/p>\n\n\n\n\n<p>Adem\u00e1s, Getafe ha habilitado varios refugios clim\u00e1ticos en la ciudad este verano, as\u00ed los Centros C\u00edvicos de La Alh\u00f3ndiga y Las Margaritas ofrecen actividades para todas las edades; el Espacio Getafe Joven tambi\u00e9n se ha abierto con recursos tecnol\u00f3gicos, y la delegaci\u00f3n de Personas Mayores ha ampliado la programaci\u00f3n para los usuarios m\u00e1s vulnerables durante julio y agosto con 455 plazas a trav\u00e9s de 47 grupos.<\/p>\n\n\n\n\n<p>&nbsp;<\/p>\n\n\n\n\n<p>27 agosto, 2026<\/p>\n\n\n\n\n<p>Ayuntamiento de Getafe<\/p>\n\n<div class=\"madri-despues-del-contenido madri-entity-placement\" id=\"madri-174560783\"><div id=\"madri-3624260754\"><p><a href=\"https:\/\/8madrid.tv\/\" target=\"_blank\" rel=\"noopener noreferrer\"><img decoding=\"async\" src=\"https:\/\/sur-madrid.com\/PUB\/2024\/8madridTV-Cabecera_700x160_15-11-2024_15-11-227.gif\" alt=\"Publicabecera\"><\/a><\/p>\n<\/div><\/div><div class=\"madri-debajo-de-la-noticia madri-entity-placement\" id=\"madri-1279140996\"><div id=\"madri-207751168\"><p><a href=\"https:\/\/8madrid.tv\/\" target=\"_blank\" rel=\"noopener noreferrer\"><img decoding=\"async\" src=\"https:\/\/sur-madrid.com\/PUB\/2024\/8madridTV-Cuadrado_625x521_15-11-2024_15-11-227.gif\"><\/a><\/p>\n<\/div><\/div>","protected":false},"excerpt":{"rendered":"<p>Se suma a otras iniciativas del Ayuntamiento para ofrecer mayor confort clim\u00e1tico a los vecinos, como fuentes infantiles, nuevos ca\u00f1izos para sombra, y refugios clim\u00e1ticos en centros c\u00edvicos y Espacio Joven Se suma a otras iniciativas del Ayuntamiento para ofrecer mayor confort clim\u00e1tico a los vecinos, como fuentes infantiles, nuevos ca\u00f1izos para sombra, y refugios [&hellip;]<\/p>\n","protected":false},"author":7,"featured_media":89064,"comment_status":"","ping_status":"","sticky":false,"template":"","format":"standard","meta":{"footnotes":""},"categories":[16],"tags":[],"class_list":["post-89066","post","type-post","status-publish","format-standard","has-post-thumbnail","hentry","category-getafe"],"_links":{"self":[{"href":"https:\/\/sur-madrid.com\/online\/wp-json\/wp\/v2\/posts\/89066","targetHints":{"allow":["GET"]}}],"collection":[{"href":"https:\/\/sur-madrid.com\/online\/wp-json\/wp\/v2\/posts"}],"about":[{"href":"https:\/\/sur-madrid.com\/online\/wp-json\/wp\/v2\/types\/post"}],"author":[{"embeddable":true,"href":"https:\/\/sur-madrid.com\/online\/wp-json\/wp\/v2\/users\/7"}],"replies":[{"embeddable":true,"href":"https:\/\/sur-madrid.com\/online\/wp-json\/wp\/v2\/comments?post=89066"}],"version-history":[{"count":0,"href":"https:\/\/sur-madrid.com\/online\/wp-json\/wp\/v2\/posts\/89066\/revisions"}],"wp:featuredmedia":[{"embeddable":true,"href":"https:\/\/sur-madrid.com\/online\/wp-json\/wp\/v2\/media\/89064"}],"wp:attachment":[{"href":"https:\/\/sur-madrid.com\/online\/wp-json\/wp\/v2\/media?parent=89066"}],"wp:term":[{"taxonomy":"category","embeddable":true,"href":"https:\/\/sur-madrid.com\/online\/wp-json\/wp\/v2\/categories?post=89066"},{"taxonomy":"post_tag","embeddable":true,"href":"https:\/\/sur-madrid.com\/online\/wp-json\/wp\/v2\/tags?post=89066"}],"curies":[{"name":"wp","href":"https:\/\/api.w.org\/{rel}","templated":true}]}}