{"id":89063,"date":"2026-08-31T21:00:15","date_gmt":"2026-08-31T19:00:15","guid":{"rendered":"https:\/\/sur-madrid.com\/online\/comienza-el-periodo-para-solicitar-las-mas-de-1-000-plazas-para-disfrutar-del-programa-vacaciones-para-mayores-con-cuatro-destinos\/"},"modified":"2026-08-31T21:00:15","modified_gmt":"2026-08-31T19:00:15","slug":"comienza-el-periodo-para-solicitar-las-mas-de-1-000-plazas-para-disfrutar-del-programa-vacaciones-para-mayores-con-cuatro-destinos","status":"publish","type":"post","link":"https:\/\/sur-madrid.com\/online\/comienza-el-periodo-para-solicitar-las-mas-de-1-000-plazas-para-disfrutar-del-programa-vacaciones-para-mayores-con-cuatro-destinos\/","title":{"rendered":"Comienza el per\u00edodo para solicitar las m\u00e1s de 1.000 plazas para disfrutar del programa Vacaciones para Mayores, con cuatro destinos"},"content":{"rendered":"\n\n<img decoding=\"async\" src=\"https:\/\/sur-madrid.com\/online\/\/wp-content\/uploads\/2026\/08\/VIAJES-MAYORES-2024-2.jpg\" alt=\"Comienza el per\u00edodo para solicitar las m\u00e1s de 1.000 plazas para disfrutar del programa Vacaciones para Mayores, con cuatro destinos\" style=\"max-width:100%;height:auto;margin:0 auto\" \/>\n\n\n\n\n<p><strong>Las instancias para participar en el sorteo podr\u00e1n recogerse desde este mi\u00e9rcoles d\u00eda 2 y deber\u00e1n presentarse del 8 al 15 de septiembre.<\/strong><\/p>\n\n\n\n\n<p><strong>Podr\u00e1n elegir viajar a Benidorm, Pe\u00f1\u00edscola, C\u00e1diz o Lisboa en hoteles de cuatro estrellas, durante el mes de octubre.<\/strong><\/p>\n\n\n\n\n<p><strong>\u201cDesde que llegamos al Gobierno municipal hemos aumentado la inversi\u00f3n destinada a nuestros mayores, el n\u00famero de plazas y los destinos. Y este a\u00f1o hemos dado un paso m\u00e1s. Hemos actualizado y ampliado los tramos de pensi\u00f3n subvencionados para los viajes. Para que m\u00e1s vecinos puedan acceder a este programa con unos precios m\u00e1s reducidos\u201d, ha destacado la concejala de Mayores, Virginia Benito.<\/strong><\/p>\n\n\n\n\n<p>MAYORES<\/p>\n\n\n\n\n<p>El Ayuntamiento de Legan\u00e9s, a trav\u00e9s de la Concejal\u00eda de Mayores, ha puesto en marcha una nueva edici\u00f3n del programa Vacaciones para Mayores, que este a\u00f1o oferta m\u00e1s de 1.000 plazas en cuatro destinos. Las instancias podr\u00e1n recogerse desde este mi\u00e9rcoles d\u00eda 2 en las conserjer\u00edas de todos los Centros de Municipales de Mayores y la presentaci\u00f3n de solicitudes deber\u00e1 realizarse del 8 al 15 de septiembre.<\/p>\n\n\n\n\n<img decoding=\"async\" src=\"https:\/\/sur-madrid.com\/online\/\/wp-content\/uploads\/2026\/08\/VIAJES-MAYORES-2024-2-1.jpg\" alt=\"Comienza el per\u00edodo para solicitar las m\u00e1s de 1.000 plazas para disfrutar del programa Vacaciones para Mayores, con cuatro destinos\" style=\"max-width:100%;height:auto;margin:0 auto\" \/>\n\n\n\n\n<p>El horario para presentar las solicitudes ser\u00e1 de 9:30 a 13:30 horas y de 16:30 a 18:30 horas, excepto los d\u00edas 11 y 15, en los que \u00fanicamente habr\u00e1 horario de ma\u00f1ana en el Centro de Mayores Juan Mu\u00f1oz. Por su parte, los usuarios del barrio de La Fortuna podr\u00e1n presentar su solicitud el lunes 14 de septiembre, de 9:00 a 13:30 horas y de 16:00 a 18:00 horas en el Centro de Mayores Enrique Tierno Galv\u00e1n.<\/p>\n\n\n\n\n<p>El sorteo de las plazas tendr\u00e1 lugar el jueves 17 de septiembre, dando la oportunidad a m\u00e1s de 1.000 personas mayores de disfrutar de unos d\u00edas de descanso, convivencia, ocio y turismo.<\/p>\n\n\n\n\n<img decoding=\"async\" src=\"https:\/\/sur-madrid.com\/online\/\/wp-content\/uploads\/2026\/08\/SALIDA-VIAJE-MAYORES-PENISCOLA-1_01.jpg\" alt=\"Comienza el per\u00edodo para solicitar las m\u00e1s de 1.000 plazas para disfrutar del programa Vacaciones para Mayores, con cuatro destinos\" style=\"max-width:100%;height:auto;margin:0 auto\" \/>\n\n\n\n\n<p>La concejala de Mayores, Virginia Benito, ha se\u00f1alado que \u201cdesde que llegamos al Gobierno de Legan\u00e9s hemos incrementado la inversi\u00f3n destinada a nuestros mayores, el n\u00famero de plazas y los destinos, porque creemos que se merecen m\u00e1s oportunidades para disfrutar, viajar y compartir nuevas experiencias\u201d.<\/p>\n\n\n\n\n<p>Los participantes podr\u00e1n elegir entre dos destinos de playa, Benidorm y Pe\u00f1\u00edscola, o dos circuitos culturales, C\u00e1diz y Lisboa, todos ellos en el mes de octubre. Estas propuestas est\u00e1n pensadas tanto para quienes buscan disfrutar de la playa como para quienes prefieren descubrir nuevos lugares desde un punto de vista cultural. Todos los viajes incluyen alojamiento en hoteles de cuatro estrellas, habitaci\u00f3n doble, pensi\u00f3n completa, transporte y visitas, ofreciendo una experiencia c\u00f3moda y de calidad.<\/p>\n\n\n\n\n<img decoding=\"async\" src=\"https:\/\/sur-madrid.com\/online\/\/wp-content\/uploads\/2026\/08\/SALIDA-VIAJE-MAYORES-PENISCOLA-3_02.jpg\" alt=\"Comienza el per\u00edodo para solicitar las m\u00e1s de 1.000 plazas para disfrutar del programa Vacaciones para Mayores, con cuatro destinos\" style=\"max-width:100%;height:auto;margin:0 auto\" \/>\n\n\n\n\n<p>Virginia Benito ha destacado que \u201ceste a\u00f1o hemos dado un paso m\u00e1s. Hemos actualizado y ampliado los tramos de pensi\u00f3n subvencionados que aplicamos desde la Delegaci\u00f3n de Mayores a los precios de los viajes. Para que m\u00e1s vecinos puedan acceder a este programa con unos precios m\u00e1s reducidos. Esto es hacer pol\u00edtica \u00fatil, poner los recursos del Ayuntamiento al servicio de las personas\u201d.<\/p>\n\n\n\n\n<p>Estos tramos no se revisaban desde 2021 y su actualizaci\u00f3n permitir\u00e1 que m\u00e1s personas puedan acceder a las tarifas m\u00e1s reducidas del programa. As\u00ed, el precio m\u00ednimo, de 50 euros, pasa a estar al alcance de las personas con pensiones de hasta 888,70 euros mensuales, frente a los 654,60 euros establecidos anteriormente. Esto supone ampliar en 234,10 euros el l\u00edmite de pensi\u00f3n para acceder a la tarifa m\u00e1s reducida y, por tanto, facilitar que m\u00e1s personas puedan disfrutar del programa en sus condiciones m\u00e1s ventajosas.<\/p>\n\n\n\n\n<p>El resto de los tramos tambi\u00e9n se han actualizado al alza, de manera que la aportaci\u00f3n del usuario se incrementa progresivamente en funci\u00f3n de su pensi\u00f3n hasta llegar a quienes perciben m\u00e1s de 1.572,77 euros mensuales, que abonan el coste completo del viaje. En cualquier caso, tambi\u00e9n para estos usuarios el programa ofrece un precio inferior al que encontrar\u00edan en el mercado para un viaje con unas caracter\u00edsticas similares.<\/p>\n\n\n\n\n<p>\u201cQueremos que nuestros mayores vivan, viajen, disfruten y tengan la calidad de vida que merecen. Y vamos a seguir haciendo m\u00e1s, porque no venimos a conformarnos, seguimos trabajando intensamente con fuerza, compromiso e ilusi\u00f3n para dar el mejor servicio y el mejor ocio a nuestros mayores\u201d, ha argumentado la concejala de Mayores.<\/p>\n\n\n\n\n<p>Por \u00faltimo, la edil ha puesto en valor el gran trabajo desarrollado por los t\u00e9cnicos de la Delegaci\u00f3n de Mayores, que ha permitido no s\u00f3lo mejorar el programa de Vacaciones para Mayores, sino tambi\u00e9n continuar ampliando los servicios que se ofrecen desde la Delegaci\u00f3n.<\/p>\n\n\n\n\n<p>&nbsp;<\/p>\n\n\n\n\n<p>31\/08\/2026<\/p>\n\n\n\n\n<p>Ayuntamiento de Legan\u00e9s<\/p>\n\n<div class=\"madri-despues-del-contenido madri-entity-placement\" id=\"madri-3333887515\"><div id=\"madri-2847636128\"><p><a href=\"https:\/\/8madrid.tv\/\" target=\"_blank\" rel=\"noopener noreferrer\"><img decoding=\"async\" src=\"https:\/\/sur-madrid.com\/PUB\/2024\/8madridTV-Cabecera_700x160_15-11-2024_15-11-227.gif\" alt=\"Publicabecera\"><\/a><\/p>\n<\/div><\/div><div class=\"madri-debajo-de-la-noticia madri-entity-placement\" id=\"madri-3040577767\"><div id=\"madri-3484580437\"><p><a href=\"https:\/\/8madrid.tv\/\" target=\"_blank\" rel=\"noopener noreferrer\"><img decoding=\"async\" src=\"https:\/\/sur-madrid.com\/PUB\/2024\/8madridTV-Cuadrado_625x521_15-11-2024_15-11-227.gif\"><\/a><\/p>\n<\/div><\/div>","protected":false},"excerpt":{"rendered":"<p>Las instancias para participar en el sorteo podr\u00e1n recogerse desde este mi\u00e9rcoles d\u00eda 2 y deber\u00e1n presentarse del 8 al 15 de septiembre. Podr\u00e1n elegir viajar a Benidorm, Pe\u00f1\u00edscola, C\u00e1diz o Lisboa en hoteles de cuatro estrellas, durante el mes de octubre. \u201cDesde que llegamos al Gobierno municipal hemos aumentado la inversi\u00f3n destinada a nuestros [&hellip;]<\/p>\n","protected":false},"author":5,"featured_media":89056,"comment_status":"","ping_status":"","sticky":false,"template":"","format":"standard","meta":{"footnotes":""},"categories":[5],"tags":[],"class_list":["post-89063","post","type-post","status-publish","format-standard","has-post-thumbnail","hentry","category-leganes"],"_links":{"self":[{"href":"https:\/\/sur-madrid.com\/online\/wp-json\/wp\/v2\/posts\/89063","targetHints":{"allow":["GET"]}}],"collection":[{"href":"https:\/\/sur-madrid.com\/online\/wp-json\/wp\/v2\/posts"}],"about":[{"href":"https:\/\/sur-madrid.com\/online\/wp-json\/wp\/v2\/types\/post"}],"author":[{"embeddable":true,"href":"https:\/\/sur-madrid.com\/online\/wp-json\/wp\/v2\/users\/5"}],"replies":[{"embeddable":true,"href":"https:\/\/sur-madrid.com\/online\/wp-json\/wp\/v2\/comments?post=89063"}],"version-history":[{"count":0,"href":"https:\/\/sur-madrid.com\/online\/wp-json\/wp\/v2\/posts\/89063\/revisions"}],"wp:featuredmedia":[{"embeddable":true,"href":"https:\/\/sur-madrid.com\/online\/wp-json\/wp\/v2\/media\/89056"}],"wp:attachment":[{"href":"https:\/\/sur-madrid.com\/online\/wp-json\/wp\/v2\/media?parent=89063"}],"wp:term":[{"taxonomy":"category","embeddable":true,"href":"https:\/\/sur-madrid.com\/online\/wp-json\/wp\/v2\/categories?post=89063"},{"taxonomy":"post_tag","embeddable":true,"href":"https:\/\/sur-madrid.com\/online\/wp-json\/wp\/v2\/tags?post=89063"}],"curies":[{"name":"wp","href":"https:\/\/api.w.org\/{rel}","templated":true}]}}