{"id":89033,"date":"2026-08-24T21:00:26","date_gmt":"2026-08-24T19:00:26","guid":{"rendered":"https:\/\/sur-madrid.com\/online\/la-ciudad-de-alcorcon-renueva-mas-de-13-000-m2-de-areas-caninas-y-avanza-en-la-creacion-de-cuatro-nuevas-zonas\/"},"modified":"2026-08-24T21:00:26","modified_gmt":"2026-08-24T19:00:26","slug":"la-ciudad-de-alcorcon-renueva-mas-de-13-000-m2-de-areas-caninas-y-avanza-en-la-creacion-de-cuatro-nuevas-zonas","status":"publish","type":"post","link":"https:\/\/sur-madrid.com\/online\/la-ciudad-de-alcorcon-renueva-mas-de-13-000-m2-de-areas-caninas-y-avanza-en-la-creacion-de-cuatro-nuevas-zonas\/","title":{"rendered":"La ciudad de Alcorc\u00f3n renueva m\u00e1s de 13.000 m2 de \u00e1reas caninas y avanza en la creaci\u00f3n de cuatro nuevas zonas"},"content":{"rendered":"\n\n<img decoding=\"async\" src=\"https:\/\/sur-madrid.com\/online\/\/wp-content\/uploads\/2026\/08\/18-08-26-areas-caninas-1.jpeg\" alt=\"La ciudad de Alcorc\u00f3n renueva m\u00e1s de 13.000 m2 de \u00e1reas caninas y avanza en la creaci\u00f3n de cuatro nuevas zonas\" style=\"max-width:100%;height:auto;margin:0 auto\" \/>\n\n\n\n\n<p><strong>\u201cEl Gobierno Municipal est\u00e1 plenamente comprometido con el bienestar animal y la convivencia ciudadana, con hechos concretos y gesti\u00f3n p\u00fablica; estamos invirtiendo en mantenimiento y renovaci\u00f3n de las \u00e1reas existentes e incorporando nuevas infraestructuras a la red existente\u201d, ha explicado Ra\u00fal Toledano, concejal de Parques y Jardines.<\/strong><\/p>\n\n\n\n\n<p><strong>Desde 2019 se han puesto a disposici\u00f3n de la ciudadan\u00eda m\u00e1s de 13.300 metros cuadrados de zonas caninas totalmente renovadas o de nueva creaci\u00f3n. En la actualidad se encuentran en ejecuci\u00f3n cuatro nuevas actuaciones en calle Berl\u00edn, Fuente Cisneros, Carballino y avenida de Lisboa, adem\u00e1s del espacio previsto en el Corredor Verde.<\/strong><\/p>\n\n\n\n\n<p>El Ayuntamiento de Alcorc\u00f3n refuerza su apuesta con el bienestar animal y la convivencia ciudadana renovando m\u00e1s de 13.000 metros cuadrados de la red de \u00e1reas caninas en estos \u00faltimos 7 a\u00f1os.<\/p>\n\n\n\n\n<p>Las \u00e1reas caninas constituyen una infraestructura fundamental \u201cque dota a nuestras ciudades de espacios saludables y de convivencia donde compartir y disfrutar con nuestros animales\u201d, ha manifestado Ra\u00fal Toledano, concejal de Parques y Jardines, quien ha a\u00f1adido que \u201cel Gobierno Municipal est\u00e1 plenamente comprometido con el bienestar animal y la convivencia ciudadana, con hechos concretos y gesti\u00f3n p\u00fablica; estamos invirtiendo en mantenimiento y renovaci\u00f3n de las \u00e1reas existentes e incorporando nuevas infraestructuras a la red existente\u201d.<\/p>\n\n\n\n\n<img decoding=\"async\" src=\"https:\/\/sur-madrid.com\/online\/\/wp-content\/uploads\/2026\/08\/18-08-26-areas-caninas-1-1.jpeg\" alt=\"La ciudad de Alcorc\u00f3n renueva m\u00e1s de 13.000 m2 de \u00e1reas caninas y avanza en la creaci\u00f3n de cuatro nuevas zonas\" style=\"max-width:100%;height:auto;margin:0 auto\" \/>\n\n\n\n\n<p>Desde 2019 se han puesto a disposici\u00f3n de la ciudadan\u00eda m\u00e1s de 13.300 metros cuadrados de zonas caninas totalmente renovadas o de nueva creaci\u00f3n, dando as\u00ed cobertura a la creciente demanda de instalaciones ante el aumento del n\u00famero de canes en la ciudad.<\/p>\n\n\n\n\n<p>\u201cHemos puesto en marcha cinco nuevas \u00e1reas caninas \u2014sumando cerca de 5.700 metros cuadrados y m\u00e1s de 44.000 euros en la avenida de M\u00f3stoles, en el Cementerio Viejo, calle Alfredo Nobel, parque Darwin Sur y parque del actor Paco Rabal, dotadas con circuitos de agility y puertas dobles\u2014 y hemos acometido la rehabilitaci\u00f3n integral (cambio de vallado, puertas dobles, mobiliario\u2026) de otras nueve \u00e1reas existentes, alcanzando m\u00e1s de 7.600 metros cuadrados y casi 77.000 euros de inversi\u00f3n en zonas como la calle Alegr\u00eda, plaza del Brasil, avenida Ol\u00edmpico Francisco Fern\u00e1ndez Ochoa, parque de la Paz, parque de la Rep\u00fablica, parque de Los Castillos, Parque de los Madro\u00f1os y Parque de la Ribota (dos \u00e1reas)\u201d, ha detallado el concejal.<\/p>\n\n\n\n\n<img decoding=\"async\" src=\"https:\/\/sur-madrid.com\/online\/\/wp-content\/uploads\/2026\/08\/18-08-26-areas-caninas-3.jpeg\" alt=\"La ciudad de Alcorc\u00f3n renueva m\u00e1s de 13.000 m2 de \u00e1reas caninas y avanza en la creaci\u00f3n de cuatro nuevas zonas\" style=\"max-width:100%;height:auto;margin:0 auto\" \/>\n\n\n\n\n<p>A las 22 las \u00e1reas con las que ya cuenta la ciudad para el uso y disfrute de vecinos y vecinas, se sumar\u00e1n en breve cuatro nuevas actuaciones que en la actualidad se encuentran en fase de ejecuci\u00f3n: en calle Berl\u00edn, Fuente Cisneros, calle Carballino y avenida de Lisboa, adem\u00e1s del espacio previsto en el Corredor Verde del Ensanche Sur.<\/p>\n\n\n\n\n<p>\u201cConviene recordar que durante los 8 a\u00f1os en los que el Partido Popular gobern\u00f3 Alcorc\u00f3n, no crearon ni una sola \u00e1rea canina nueva en la ciudad, y el mantenimiento de las pocas instalaciones existentes dejaba much\u00edsimo que desear\u201d, ha matizado Toledano.<\/p>\n\n\n\n\n<img decoding=\"async\" src=\"https:\/\/sur-madrid.com\/online\/\/wp-content\/uploads\/2026\/08\/18-08-26-areas-caninas-1_0.jpeg\" alt=\"La ciudad de Alcorc\u00f3n renueva m\u00e1s de 13.000 m2 de \u00e1reas caninas y avanza en la creaci\u00f3n de cuatro nuevas zonas\" style=\"max-width:100%;height:auto;margin:0 auto\" \/>\n\n\n\n\n<p>En relaci\u00f3n con la instalaci\u00f3n de fuentes de agua potable, desde la concejal\u00eda de Parques y Jardines ya se ha solicitado la acometida de 11 nuevas fuentes de agua potable para los parques de la ciudad, \u201clo que facilitar\u00e1 el uso de agua tanto para vecinos y vecinas como para los animales. Nuestro trabajo se centra en agilizar con el Canal de Isabel II la ejecuci\u00f3n de estas acometidas solicitadas para completar su instalaci\u00f3n y puesta en funcionamiento\u201d, ha concluido Ra\u00fal Toledano, concejal de Parques y Jardines.<\/p>\n\n\n\n\n<img decoding=\"async\" src=\"https:\/\/sur-madrid.com\/online\/\/wp-content\/uploads\/2026\/08\/18-08-26-areas-caninas-2_01.jpeg\" alt=\"La ciudad de Alcorc\u00f3n renueva m\u00e1s de 13.000 m2 de \u00e1reas caninas y avanza en la creaci\u00f3n de cuatro nuevas zonas\" style=\"max-width:100%;height:auto;margin:0 auto\" \/>\n\n\n\n\n<img decoding=\"async\" src=\"https:\/\/sur-madrid.com\/online\/\/wp-content\/uploads\/2026\/08\/18-08-26-areas-caninas-3_02.jpeg\" alt=\"La ciudad de Alcorc\u00f3n renueva m\u00e1s de 13.000 m2 de \u00e1reas caninas y avanza en la creaci\u00f3n de cuatro nuevas zonas\" style=\"max-width:100%;height:auto;margin:0 auto\" \/>\n\n\n\n\n<img decoding=\"async\" src=\"https:\/\/sur-madrid.com\/online\/\/wp-content\/uploads\/2026\/08\/18-08-26-areas-caninas-4_03.jpeg\" alt=\"La ciudad de Alcorc\u00f3n renueva m\u00e1s de 13.000 m2 de \u00e1reas caninas y avanza en la creaci\u00f3n de cuatro nuevas zonas\" style=\"max-width:100%;height:auto;margin:0 auto\" \/>\n\n\n\n\n<p>&nbsp;<\/p>\n\n\n\n\n<p>18 Agosto 2026\n 18 Agosto 2026<\/p>\n\n\n\n\n<p>Ayuntamiento de Alcorc\u00f3n<\/p>\n\n<div class=\"madri-despues-del-contenido madri-entity-placement\" id=\"madri-2379386406\"><div id=\"madri-1455359416\"><p><a href=\"https:\/\/8madrid.tv\/\" target=\"_blank\" rel=\"noopener noreferrer\"><img decoding=\"async\" src=\"https:\/\/sur-madrid.com\/PUB\/2024\/8madridTV-Cabecera_700x160_15-11-2024_15-11-227.gif\" alt=\"Publicabecera\"><\/a><\/p>\n<\/div><\/div><div class=\"madri-debajo-de-la-noticia madri-entity-placement\" id=\"madri-1863894846\"><div id=\"madri-2221186230\"><p><a href=\"https:\/\/8madrid.tv\/\" target=\"_blank\" rel=\"noopener noreferrer\"><img decoding=\"async\" src=\"https:\/\/sur-madrid.com\/PUB\/2024\/8madridTV-Cuadrado_625x521_15-11-2024_15-11-227.gif\"><\/a><\/p>\n<\/div><\/div>","protected":false},"excerpt":{"rendered":"<p>\u201cEl Gobierno Municipal est\u00e1 plenamente comprometido con el bienestar animal y la convivencia ciudadana, con hechos concretos y gesti\u00f3n p\u00fablica; estamos invirtiendo en mantenimiento y renovaci\u00f3n de las \u00e1reas existentes e incorporando nuevas infraestructuras a la red existente\u201d, ha explicado Ra\u00fal Toledano, concejal de Parques y Jardines. Desde 2019 se han puesto a disposici\u00f3n de [&hellip;]<\/p>\n","protected":false},"author":3,"featured_media":89025,"comment_status":"","ping_status":"","sticky":false,"template":"","format":"standard","meta":{"footnotes":""},"categories":[3],"tags":[],"class_list":["post-89033","post","type-post","status-publish","format-standard","has-post-thumbnail","hentry","category-alcorcon"],"_links":{"self":[{"href":"https:\/\/sur-madrid.com\/online\/wp-json\/wp\/v2\/posts\/89033","targetHints":{"allow":["GET"]}}],"collection":[{"href":"https:\/\/sur-madrid.com\/online\/wp-json\/wp\/v2\/posts"}],"about":[{"href":"https:\/\/sur-madrid.com\/online\/wp-json\/wp\/v2\/types\/post"}],"author":[{"embeddable":true,"href":"https:\/\/sur-madrid.com\/online\/wp-json\/wp\/v2\/users\/3"}],"replies":[{"embeddable":true,"href":"https:\/\/sur-madrid.com\/online\/wp-json\/wp\/v2\/comments?post=89033"}],"version-history":[{"count":0,"href":"https:\/\/sur-madrid.com\/online\/wp-json\/wp\/v2\/posts\/89033\/revisions"}],"wp:featuredmedia":[{"embeddable":true,"href":"https:\/\/sur-madrid.com\/online\/wp-json\/wp\/v2\/media\/89025"}],"wp:attachment":[{"href":"https:\/\/sur-madrid.com\/online\/wp-json\/wp\/v2\/media?parent=89033"}],"wp:term":[{"taxonomy":"category","embeddable":true,"href":"https:\/\/sur-madrid.com\/online\/wp-json\/wp\/v2\/categories?post=89033"},{"taxonomy":"post_tag","embeddable":true,"href":"https:\/\/sur-madrid.com\/online\/wp-json\/wp\/v2\/tags?post=89033"}],"curies":[{"name":"wp","href":"https:\/\/api.w.org\/{rel}","templated":true}]}}