{"id":89023,"date":"2026-08-24T21:00:13","date_gmt":"2026-08-24T19:00:13","guid":{"rendered":"https:\/\/sur-madrid.com\/online\/getafe-comienza-la-obra-para-recuperar-el-doble-sentido-en-la-antigua-carretera-de-perales-del-rio\/"},"modified":"2026-08-24T21:00:13","modified_gmt":"2026-08-24T19:00:13","slug":"getafe-comienza-la-obra-para-recuperar-el-doble-sentido-en-la-antigua-carretera-de-perales-del-rio","status":"publish","type":"post","link":"https:\/\/sur-madrid.com\/online\/getafe-comienza-la-obra-para-recuperar-el-doble-sentido-en-la-antigua-carretera-de-perales-del-rio\/","title":{"rendered":"Getafe comienza la obra para recuperar el doble sentido en la antigua carretera de Perales del R\u00edo"},"content":{"rendered":"\n\n<img decoding=\"async\" src=\"https:\/\/sur-madrid.com\/online\/\/wp-content\/uploads\/2026\/08\/via_pecuaria_perales_del_rio-1.jpeg\" alt=\"Getafe comienza la obra para recuperar el doble sentido en la antigua carretera de Perales del R\u00edo\" style=\"max-width:100%;height:auto;margin:0 auto\" \/>\n\n\n\n\n<p>Se inicia desde hoy, con la retirada de los bolardos que separan la zona de circulaci\u00f3n de los coches, manteniendo en torno a una semana la v\u00eda abierta al tr\u00e1fico, posteriormente se cortar\u00e1 en distintos periodos<\/p>\n\n\n\n\n<p>La inversi\u00f3n inicial est\u00e1 en torno a 1.000.000 de euros, aportados \u00fanicamente por el Ayuntamiento de Getafe, que se hace cargo de estas obras<\/p>\n\n\n\n\n<img decoding=\"async\" src=\"https:\/\/sur-madrid.com\/online\/\/wp-content\/uploads\/2026\/08\/via_pecuaria_perales_del_rio-1-1.jpeg\" alt=\"Getafe comienza la obra para recuperar el doble sentido en la antigua carretera de Perales del R\u00edo\" style=\"max-width:100%;height:auto;margin:0 auto\" \/>\n\n\n\n\n<p>El Ayuntamiento de Getafe comienza hoy lunes, la obra para recuperar el doble sentido de la v\u00eda pecuaria de Perales del R\u00edo. Las actuaciones comenzar\u00e1n con la retirada de los bolardos de madera que separan la zona de circulaci\u00f3n de los coches con la zona de zahorra y la zona de bicis y peatonal. Mientras duren estos trabajos, lo que se estima en torno a una semana, la v\u00eda podr\u00e1 continuar abierta al tr\u00e1fico. Posteriormente se cortar\u00e1 en distintos periodos, permiti\u00e9ndose la circulaci\u00f3n solo en aquellas circunstancias en que no se ponga en peligro la seguridad de trabajadores y conductores, de lo que se informar\u00e1 puntualmente. Las obras que tienen una duraci\u00f3n total prevista de 4 meses y la inversi\u00f3n inicial est\u00e1 en torno a 1.000.000 de euros.<\/p>\n\n\n\n\n<p>Como explica la alcaldesa de Getafe, Sara Hern\u00e1ndez, \u201cvamos a devolver el doble sentido a la v\u00eda, tal como hemos venido reclamando junto a las entidades de Perales y sus vecinos, con los que hemos trabajado conjuntamente, decidiendo asumir el Ayuntamiento de Getafe el coste \u00edntegro de las obras, ya que la Comunidad de Madrid no aporta financiaci\u00f3n, porque tenemos claro que la prioridad es mejorar la conectividad del barrio y garantizar a los vecinos una movilidad digna\u00bb.<\/p>\n\n\n\n\n<p>La nueva v\u00eda se har\u00e1 en las condiciones que marca la Comunidad de Madrid, en su resoluci\u00f3n del pasado mes de junio, obligando la Administraci\u00f3n Regional a mantener los bolardos y la velocidad a 20 km\/h. El Ayuntamiento de Getafe propuso a la Comunidad de Madrid hace meses, devolver a la v\u00eda el doble sentido de circulaci\u00f3n, ante los continuos restrasos en el comienzo de las obras de la rotonda de la M-301.<\/p>\n\n\n\n\n<p>El Ayuntamiento ha trabajado para acelerar al m\u00e1ximo los tr\u00e1mites con los servicios afectados por la obra, que supondr\u00e1 el cerramiento temporal de la v\u00eda, as\u00ed como con entidades y agricultores afectados. Mientras, ha continuado realizando los trabajos durante el verano como son las mejoras en las calles Madrid y Legan\u00e9s que se est\u00e1 reasfaltando, el acceso al barrio de Los Molinos a trav\u00e9s de la calle Carpinteros, o el aparcamiento de la piscina municipal de Perales del R\u00edo.<\/p>\n\n\n\n\n<p>Estas obras marcan el fin de un largo periplo para los vecinos del barrio que comenz\u00f3 en 2021. Tras los graves destrozos ocasionados por la tormenta Filomena, la Comunidad de Madrid limit\u00f3 el uso de la v\u00eda a un solo sentido y con velocidad restringida, justific\u00e1ndose como una medida provisional de unos pocos meses a la espera de construir una rotonda de acceso desde la M-301. Ante el retraso de dicha infraestructura por parte del Gobierno regional, que no ha avanzado nada 5 a\u00f1os despu\u00e9s, el Ayuntamiento decidi\u00f3 tomar la iniciativa para ofrecer una soluci\u00f3n viable, devolviendo a la carretera el doble sentido de circulaci\u00f3n. Estas obras mejorar\u00e1n la movilidad de Perales del R\u00edo y El Caser\u00edo, pero como ha recordado el Ayuntamiento, es una soluci\u00f3n parcial. El equipo de Gobierno de Getafe seguir\u00e1 trabajando con la ciudadan\u00eda y asociaciones, en buscar soluciones definitivas, que pasan por construir una carretera paralela a la actual v\u00eda pecuaria, la rotonda de la M-301 y su conexi\u00f3n con el \u00c1rea Industrial de Los Olivos, y la llegada del Metro a Perales, iniciativas todas ellas, sobre las que hasta la fecha, la Comunidad de Madrid se ha negado.<\/p>\n\n\n\n\n<p>&nbsp;<\/p>\n\n\n\n\n<p>24 agosto, 2026\n 24 agosto, 2026<\/p>\n\n\n\n\n<p>Ayuntamiento de Getafe<\/p>\n\n<div class=\"madri-despues-del-contenido madri-entity-placement\" id=\"madri-1385861324\"><div id=\"madri-1701907418\"><p><a href=\"https:\/\/8madrid.tv\/\" target=\"_blank\" rel=\"noopener noreferrer\"><img decoding=\"async\" src=\"https:\/\/sur-madrid.com\/PUB\/2024\/8madridTV-Cabecera_700x160_15-11-2024_15-11-227.gif\" alt=\"Publicabecera\"><\/a><\/p>\n<\/div><\/div><div class=\"madri-debajo-de-la-noticia madri-entity-placement\" id=\"madri-1544178215\"><div id=\"madri-486527666\"><p><a href=\"https:\/\/8madrid.tv\/\" target=\"_blank\" rel=\"noopener noreferrer\"><img decoding=\"async\" src=\"https:\/\/sur-madrid.com\/PUB\/2024\/8madridTV-Cuadrado_625x521_15-11-2024_15-11-227.gif\"><\/a><\/p>\n<\/div><\/div>","protected":false},"excerpt":{"rendered":"<p>Se inicia desde hoy, con la retirada de los bolardos que separan la zona de circulaci\u00f3n de los coches, manteniendo en torno a una semana la v\u00eda abierta al tr\u00e1fico, posteriormente se cortar\u00e1 en distintos periodos La inversi\u00f3n inicial est\u00e1 en torno a 1.000.000 de euros, aportados \u00fanicamente por el Ayuntamiento de Getafe, que se [&hellip;]<\/p>\n","protected":false},"author":7,"featured_media":89018,"comment_status":"","ping_status":"","sticky":false,"template":"","format":"standard","meta":{"footnotes":""},"categories":[16],"tags":[],"class_list":["post-89023","post","type-post","status-publish","format-standard","has-post-thumbnail","hentry","category-getafe"],"_links":{"self":[{"href":"https:\/\/sur-madrid.com\/online\/wp-json\/wp\/v2\/posts\/89023","targetHints":{"allow":["GET"]}}],"collection":[{"href":"https:\/\/sur-madrid.com\/online\/wp-json\/wp\/v2\/posts"}],"about":[{"href":"https:\/\/sur-madrid.com\/online\/wp-json\/wp\/v2\/types\/post"}],"author":[{"embeddable":true,"href":"https:\/\/sur-madrid.com\/online\/wp-json\/wp\/v2\/users\/7"}],"replies":[{"embeddable":true,"href":"https:\/\/sur-madrid.com\/online\/wp-json\/wp\/v2\/comments?post=89023"}],"version-history":[{"count":0,"href":"https:\/\/sur-madrid.com\/online\/wp-json\/wp\/v2\/posts\/89023\/revisions"}],"wp:featuredmedia":[{"embeddable":true,"href":"https:\/\/sur-madrid.com\/online\/wp-json\/wp\/v2\/media\/89018"}],"wp:attachment":[{"href":"https:\/\/sur-madrid.com\/online\/wp-json\/wp\/v2\/media?parent=89023"}],"wp:term":[{"taxonomy":"category","embeddable":true,"href":"https:\/\/sur-madrid.com\/online\/wp-json\/wp\/v2\/categories?post=89023"},{"taxonomy":"post_tag","embeddable":true,"href":"https:\/\/sur-madrid.com\/online\/wp-json\/wp\/v2\/tags?post=89023"}],"curies":[{"name":"wp","href":"https:\/\/api.w.org\/{rel}","templated":true}]}}