{"id":89019,"date":"2026-08-24T21:00:10","date_gmt":"2026-08-24T19:00:10","guid":{"rendered":"https:\/\/sur-madrid.com\/online\/alcorcon-acoge-la-carrera-ocr-desafio-de-guerreros-en-su-x-aniversario-el-proximo-27-de-septiembre\/"},"modified":"2026-08-31T19:33:48","modified_gmt":"2026-08-31T17:33:48","slug":"alcorcon-acoge-la-carrera-ocr-desafio-de-guerreros-en-su-x-aniversario-el-proximo-27-de-septiembre","status":"publish","type":"post","link":"https:\/\/sur-madrid.com\/online\/alcorcon-acoge-la-carrera-ocr-desafio-de-guerreros-en-su-x-aniversario-el-proximo-27-de-septiembre\/","title":{"rendered":"Alcorc\u00f3n acoge la carrera OCR Desaf\u00edo de Guerreros en su X Aniversario el pr\u00f3ximo 27 de septiembre"},"content":{"rendered":"\n\n\n<p><strong>\u201cEsta carrera, que cumple este a\u00f1o su d\u00e9cimo aniversario, ofrece este a\u00f1o nuevos obst\u00e1culos, nueva camiseta, nuevas modalidades de participaci\u00f3n (parejas, equipos y empresas) y tambi\u00e9n suculentos premios y muchas sorpresas\u201d, ha explicado Carmen Martin, concejala de Juventud, Diversidad, Innovaci\u00f3n Tecnol\u00f3gica y Deporte, quien ha destacado que los y las participantes de nuestra ciudad podr\u00e1n contar con un descuento si al inscribirse incluyen el c\u00f3digo \u2018Alcorc\u00f3n2026\u2019.<\/strong><\/p>\n\n\n\n\n<p><strong>Seg\u00fan ha anunciado, \u201cesta carrera partir\u00e1 a las 9 horas -por tandas seg\u00fan la opci\u00f3n elegida- desde el polideportivo Santo Domingo y recorrer\u00e1 diversos puntos de la ciudad durante los 10 kil\u00f3metros de recorrido en su versi\u00f3n m\u00e1s larga\u201d, tras lo que ha explicado que \u201clos y las corredoras podr\u00e1n elegir entre tres niveles: 6 kil\u00f3metros, 10 kil\u00f3metros y 10 kil\u00f3metros \u00c9lite\u201d.<\/strong><\/p>\n\n\n\n\n<p>\u201cAlcorc\u00f3n es una ciudad donde el deporte siempre es protagonista, en todas sus facetas, niveles y disciplinas; por este motivo es un honor acoger el X Aniversario de Desaf\u00edo de Guerreros, una carrera OCR que dar\u00e1 cita a numerosos deportistas el pr\u00f3ximo septiembre y que convertir\u00e1 nuestra ciudad en la sede de un gran espect\u00e1culo deportivo\u201d, ha explicado la alcaldesa de Alcorc\u00f3n, Candelaria Testa.<\/p>\n\n\n\n\n<p>Este tipo de carreras, Obstacle Course Racing (OCR) es una competencia deportiva donde los y las participantes recorren una distancia concreta mientras superan diversos retos f\u00edsicos y obst\u00e1culos que se intercalan a lo largo del recorrido.<\/p>\n\n\n\n\n\n<p>\u201cEsta carrera, que cumple este a\u00f1o su d\u00e9cimo aniversario, ofrece este a\u00f1o nuevos obst\u00e1culos, nueva camiseta, nuevas modalidades de participaci\u00f3n (parejas, equipos y empresas) y tambi\u00e9n suculentos premios y muchas sorpresas\u201d, ha explicado Carmen Martin, concejala de Juventud, Diversidad, Innovaci\u00f3n Tecnol\u00f3gica y Deporte, quien ha destacado que los y las participantes de nuestra ciudad podr\u00e1n contar con un descuento si al inscribirse incluyen el c\u00f3digo \u2018Alcorc\u00f3n2026\u2019.<\/p>\n\n\n\n\n<p>Seg\u00fan ha anunciado, \u201cesta carrera partir\u00e1 a las 9 horas -por tandas seg\u00fan la opci\u00f3n elegida- desde el polideportivo Santo Domingo y recorrer\u00e1 diversos puntos de la ciudad durante los 10 kil\u00f3metros de recorrido en su versi\u00f3n m\u00e1s larga\u201d, tras lo que ha explicado que \u201clos y las corredoras podr\u00e1n elegir entre tres niveles: 6 kil\u00f3metros, 10 kil\u00f3metros y 10 kil\u00f3metros \u00c9lite\u201d.<\/p>\n\n\n\n\n\n<p>En este \u00faltimo caso, los participantes podr\u00e1n optar a la Clasificaci\u00f3n para el OCR World Championship: Los 25 primeros de Age Group y los 5 primeros en la categor\u00eda Pro avanzan al mundial.<\/p>\n\n\n\n\n<p>Los y las participantes que se inscriban contar\u00e1n con al menos cuatro entrenamientos programados durante los dos meses previos al desaf\u00edo, as\u00ed como una camiseta especial del d\u00e9cimo aniversario, medalla \u2018finisher\u2019 as\u00ed como una fiesta guerrera.<\/p>\n\n\n\n\n<p>\u201cAnimamos a todos los y las alcorconeras, de todos los niveles, a que participen en esta cita que llenar\u00e1 las calles de la ciudad de participantes y donde se unir\u00e1 a la perfecci\u00f3n diversi\u00f3n y deporte\u201d, ha se\u00f1alado Carmen Mart\u00edn.<\/p>\n\n\n\n\n<p>&nbsp;<\/p>\n\n\n\n\n<p>18 Agosto 2026\n 18 Agosto 2026<\/p>\n\n\n\n\n<p>Ayuntamiento de Alcorc\u00f3n<\/p>\n\n<div class=\"madri-despues-del-contenido madri-entity-placement\" id=\"madri-1616017989\"><div id=\"madri-3419762839\"><p><a href=\"https:\/\/8madrid.tv\/\" target=\"_blank\" rel=\"noopener noreferrer\"><img decoding=\"async\" src=\"https:\/\/sur-madrid.com\/PUB\/2024\/8madridTV-Cabecera_700x160_15-11-2024_15-11-227.gif\" alt=\"Publicabecera\"><\/a><\/p>\n<\/div><\/div><div class=\"madri-debajo-de-la-noticia madri-entity-placement\" id=\"madri-3537184598\"><div id=\"madri-3543882020\"><p><a href=\"https:\/\/8madrid.tv\/\" target=\"_blank\" rel=\"noopener noreferrer\"><img decoding=\"async\" src=\"https:\/\/sur-madrid.com\/PUB\/2024\/8madridTV-Cuadrado_625x521_15-11-2024_15-11-227.gif\"><\/a><\/p>\n<\/div><\/div>","protected":false},"excerpt":{"rendered":"<p>\u201cEsta carrera, que cumple este a\u00f1o su d\u00e9cimo aniversario, ofrece este a\u00f1o nuevos obst\u00e1culos, nueva camiseta, nuevas modalidades de participaci\u00f3n (parejas, equipos y empresas) y tambi\u00e9n suculentos premios y muchas sorpresas\u201d, ha explicado Carmen Martin, concejala de Juventud, Diversidad, Innovaci\u00f3n Tecnol\u00f3gica y Deporte, quien ha destacado que los y las participantes de nuestra ciudad podr\u00e1n [&hellip;]<\/p>\n","protected":false},"author":3,"featured_media":89054,"comment_status":"closed","ping_status":"closed","sticky":false,"template":"","format":"standard","meta":{"footnotes":""},"categories":[3],"tags":[],"class_list":["post-89019","post","type-post","status-publish","format-standard","has-post-thumbnail","hentry","category-alcorcon"],"_links":{"self":[{"href":"https:\/\/sur-madrid.com\/online\/wp-json\/wp\/v2\/posts\/89019","targetHints":{"allow":["GET"]}}],"collection":[{"href":"https:\/\/sur-madrid.com\/online\/wp-json\/wp\/v2\/posts"}],"about":[{"href":"https:\/\/sur-madrid.com\/online\/wp-json\/wp\/v2\/types\/post"}],"author":[{"embeddable":true,"href":"https:\/\/sur-madrid.com\/online\/wp-json\/wp\/v2\/users\/3"}],"replies":[{"embeddable":true,"href":"https:\/\/sur-madrid.com\/online\/wp-json\/wp\/v2\/comments?post=89019"}],"version-history":[{"count":1,"href":"https:\/\/sur-madrid.com\/online\/wp-json\/wp\/v2\/posts\/89019\/revisions"}],"predecessor-version":[{"id":89055,"href":"https:\/\/sur-madrid.com\/online\/wp-json\/wp\/v2\/posts\/89019\/revisions\/89055"}],"wp:featuredmedia":[{"embeddable":true,"href":"https:\/\/sur-madrid.com\/online\/wp-json\/wp\/v2\/media\/89054"}],"wp:attachment":[{"href":"https:\/\/sur-madrid.com\/online\/wp-json\/wp\/v2\/media?parent=89019"}],"wp:term":[{"taxonomy":"category","embeddable":true,"href":"https:\/\/sur-madrid.com\/online\/wp-json\/wp\/v2\/categories?post=89019"},{"taxonomy":"post_tag","embeddable":true,"href":"https:\/\/sur-madrid.com\/online\/wp-json\/wp\/v2\/tags?post=89019"}],"curies":[{"name":"wp","href":"https:\/\/api.w.org\/{rel}","templated":true}]}}