{"id":89007,"date":"2026-08-20T18:33:06","date_gmt":"2026-08-20T16:33:06","guid":{"rendered":"https:\/\/sur-madrid.com\/online\/jorge-romero-mancebo-reflexiona-sobre-el-paisaje-el-archivo-y-el-espacio-del-taller-en-pan-con-manteca\/"},"modified":"2026-08-20T22:28:16","modified_gmt":"2026-08-20T20:28:16","slug":"jorge-romero-mancebo-reflexiona-sobre-el-paisaje-el-archivo-y-el-espacio-del-taller-en-pan-con-manteca","status":"publish","type":"post","link":"https:\/\/sur-madrid.com\/online\/jorge-romero-mancebo-reflexiona-sobre-el-paisaje-el-archivo-y-el-espacio-del-taller-en-pan-con-manteca\/","title":{"rendered":"Jorge Romero Mancebo reflexiona sobre el paisaje, el archivo y el espacio del taller en \u201cPan con manteca\u201d"},"content":{"rendered":"\n<blockquote class=\"wp-block-quote is-layout-flow wp-block-quote-is-layout-flow\">\n<p>La muestra, que se podr\u00e1 visitar en el Museo de la Ciudad del 4 de septiembre al 18 de octubre, re\u00fane un conjunto de obras que exploran el espacio del taller como lugar de creaci\u00f3n de relaciones y significados, as\u00ed como las posibilidades de los distintos lenguajes pl\u00e1sticos en la pr\u00e1ctica art\u00edstica.<\/p>\n<\/blockquote>\n\n\n\n<p>El artista Jorge Romero Mancebo llega al Museo de la Ciudad, del 4 de septiembre al 18 de octubre, con su exposici\u00f3n \u00abPan con manteca\u00bb.<\/p>\n\n\n\n<p>La muestra presenta un conjunto de obras que giran en torno a dos ejes principales: una reflexi\u00f3n en torno al propio espacio del taller como generador de relaciones y significaciones y, por otro lado, el uso y el an\u00e1lisis de distintos lenguajes pl\u00e1sticos como posibilitadores de una pr\u00e1ctica art\u00edstica.<\/p>\n\n\n\n<p>Durante la primera etapa del proyecto, el artista analiza situaciones concretas dentro del paisaje natural, en las que recoge y colecciona objetos en entornos urbanos o en desuso, lo que le sirve como forma de relacionarse con la fisicidad del contexto. Su inter\u00e9s radica en c\u00f3mo las circunstancias del entorno han impregnado su huella. Ese inter\u00e9s surge de las cualidades pl\u00e1sticas adquiridas: la textura, la degradaci\u00f3n del color o las deformaciones. Estos objetos posteriormente los trasladada al ecosistema del taller, donde se produce una desarticulaci\u00f3n y desestabilizaci\u00f3n de sus significaciones al situarse en otro lugar y existir dentro de una colecci\u00f3n que funciona como archivo material.<\/p>\n\n\n\n<p>Dentro del taller del artista, el proceso se inicia alrededor del diorama: una peque\u00f1a escenograf\u00eda en donde la contemplaci\u00f3n, el an\u00e1lisis y la disposici\u00f3n de los objetos funciona como elemento percutor. De esta manera, busca producir relaciones entre objetos y situaciones que dentro del espacio escenogr\u00e1fico se configuran por medio de jerarqu\u00edas, ritmos y repeticiones. La creaci\u00f3n de misterio a trav\u00e9s de la ausencia, el azar dentro de la vida en el estudio o la desviaci\u00f3n en la mirada le son elementos motores en su trabajo, generando como resultado una cierta indefinici\u00f3n en lo visible y la creaci\u00f3n de una atm\u00f3sfera suspendida e indeterminada. Todo su proceso se plantea como una b\u00fasqueda de sentido, un intento de evitar lo anodino y lo anecd\u00f3tico mediante el cuestionamiento de la propia praxis.<\/p>\n\n\n\n<p>La exposici\u00f3n, organizada por el Ayuntamiento de M\u00f3stoles, a trav\u00e9s de la Concejal\u00eda de Educaci\u00f3n y Cultura, se puede visitar de martes a viernes, en horario de 10:00 h a 14:00 h y de 18:00 h a 21:00 h, y s\u00e1bados y domingos, de 11:00 h a 14:00 h y de 18:00 h a 21:00 h.<\/p>\n\n\n\n<p>Jorge Romero Mancebo (Madrid, 2001) es un artista nacido en Madrid. Ha realizado exposiciones individuales y colectivas en Espa\u00f1a e Italia. Su obra se desarrolla en torno a cuestiones relacionadas con el paisaje y el archivo y como estas pueden ser trasladadas y resignificadas para generar nuevos procesos y relaciones.<\/p>\n\n\n\n<p>&nbsp;<\/p>\n\n\n\n<figure class=\"wp-block-image size-large\"><img loading=\"lazy\" decoding=\"async\" width=\"724\" height=\"1024\" src=\"https:\/\/sur-madrid.com\/online\/\/wp-content\/uploads\/2026\/08\/jorge-romero-mancebo-reflexiona-paisaje-archivo-espacio-tal_img01-724x1024.jpg\" alt=\"\" class=\"wp-image-89015\" srcset=\"https:\/\/sur-madrid.com\/online\/\/wp-content\/uploads\/2026\/08\/jorge-romero-mancebo-reflexiona-paisaje-archivo-espacio-tal_img01-724x1024.jpg 724w, https:\/\/sur-madrid.com\/online\/\/wp-content\/uploads\/2026\/08\/jorge-romero-mancebo-reflexiona-paisaje-archivo-espacio-tal_img01-212x300.jpg 212w, https:\/\/sur-madrid.com\/online\/\/wp-content\/uploads\/2026\/08\/jorge-romero-mancebo-reflexiona-paisaje-archivo-espacio-tal_img01-768x1086.jpg 768w, https:\/\/sur-madrid.com\/online\/\/wp-content\/uploads\/2026\/08\/jorge-romero-mancebo-reflexiona-paisaje-archivo-espacio-tal_img01-1086x1536.jpg 1086w, https:\/\/sur-madrid.com\/online\/\/wp-content\/uploads\/2026\/08\/jorge-romero-mancebo-reflexiona-paisaje-archivo-espacio-tal_img01-1448x2048.jpg 1448w, https:\/\/sur-madrid.com\/online\/\/wp-content\/uploads\/2026\/08\/jorge-romero-mancebo-reflexiona-paisaje-archivo-espacio-tal_img01-scaled.jpg 1810w\" sizes=\"auto, (max-width: 724px) 100vw, 724px\" \/><\/figure>\n\n\n\n<p>&nbsp;<\/p>\n<div class=\"madri-despues-del-contenido madri-entity-placement\" id=\"madri-258635679\"><div id=\"madri-2099083360\"><p><a href=\"https:\/\/8madrid.tv\/\" target=\"_blank\" rel=\"noopener noreferrer\"><img decoding=\"async\" src=\"https:\/\/sur-madrid.com\/PUB\/2024\/8madridTV-Cabecera_700x160_15-11-2024_15-11-227.gif\" alt=\"Publicabecera\"><\/a><\/p>\n<\/div><\/div><div class=\"madri-debajo-de-la-noticia madri-entity-placement\" id=\"madri-1900659118\"><div id=\"madri-3695797851\"><p><a href=\"https:\/\/8madrid.tv\/\" target=\"_blank\" rel=\"noopener noreferrer\"><img decoding=\"async\" src=\"https:\/\/sur-madrid.com\/PUB\/2024\/8madridTV-Cuadrado_625x521_15-11-2024_15-11-227.gif\"><\/a><\/p>\n<\/div><\/div>","protected":false},"excerpt":{"rendered":"<p>La muestra, que se podr\u00e1 visitar en el Museo de la Ciudad del 4 de septiembre al 18 de octubre, re\u00fane un conjunto de obras que exploran el espacio del taller como lugar de creaci\u00f3n de relaciones y significados, as\u00ed como las posibilidades de los distintos lenguajes pl\u00e1sticos en la pr\u00e1ctica art\u00edstica. El artista Jorge [&hellip;]<\/p>\n","protected":false},"author":10,"featured_media":89013,"comment_status":"closed","ping_status":"closed","sticky":false,"template":"","format":"standard","meta":{"footnotes":""},"categories":[2],"tags":[],"class_list":["post-89007","post","type-post","status-publish","format-standard","has-post-thumbnail","hentry","category-mostoles"],"_links":{"self":[{"href":"https:\/\/sur-madrid.com\/online\/wp-json\/wp\/v2\/posts\/89007","targetHints":{"allow":["GET"]}}],"collection":[{"href":"https:\/\/sur-madrid.com\/online\/wp-json\/wp\/v2\/posts"}],"about":[{"href":"https:\/\/sur-madrid.com\/online\/wp-json\/wp\/v2\/types\/post"}],"author":[{"embeddable":true,"href":"https:\/\/sur-madrid.com\/online\/wp-json\/wp\/v2\/users\/10"}],"replies":[{"embeddable":true,"href":"https:\/\/sur-madrid.com\/online\/wp-json\/wp\/v2\/comments?post=89007"}],"version-history":[{"count":1,"href":"https:\/\/sur-madrid.com\/online\/wp-json\/wp\/v2\/posts\/89007\/revisions"}],"predecessor-version":[{"id":89016,"href":"https:\/\/sur-madrid.com\/online\/wp-json\/wp\/v2\/posts\/89007\/revisions\/89016"}],"wp:featuredmedia":[{"embeddable":true,"href":"https:\/\/sur-madrid.com\/online\/wp-json\/wp\/v2\/media\/89013"}],"wp:attachment":[{"href":"https:\/\/sur-madrid.com\/online\/wp-json\/wp\/v2\/media?parent=89007"}],"wp:term":[{"taxonomy":"category","embeddable":true,"href":"https:\/\/sur-madrid.com\/online\/wp-json\/wp\/v2\/categories?post=89007"},{"taxonomy":"post_tag","embeddable":true,"href":"https:\/\/sur-madrid.com\/online\/wp-json\/wp\/v2\/tags?post=89007"}],"curies":[{"name":"wp","href":"https:\/\/api.w.org\/{rel}","templated":true}]}}