{"id":89006,"date":"2026-08-20T18:31:32","date_gmt":"2026-08-20T16:31:32","guid":{"rendered":"https:\/\/sur-madrid.com\/online\/continua-abierto-el-plazo-de-inscripcion-para-el-homenaje-a-los-mayores-centenarios-de-mostoles\/"},"modified":"2026-08-20T22:28:33","modified_gmt":"2026-08-20T20:28:33","slug":"continua-abierto-el-plazo-de-inscripcion-para-el-homenaje-a-los-mayores-centenarios-de-mostoles","status":"publish","type":"post","link":"https:\/\/sur-madrid.com\/online\/continua-abierto-el-plazo-de-inscripcion-para-el-homenaje-a-los-mayores-centenarios-de-mostoles\/","title":{"rendered":"Contin\u00faa abierto el plazo de inscripci\u00f3n para el homenaje a los mayores centenarios de M\u00f3stoles"},"content":{"rendered":"<blockquote>\n<p>El Ayuntamiento de M\u00f3stoles homenajear\u00e1 a los vecinos centenarios durante la III Semana del Mayor, del 28 de septiembre al 2 de octubre.<\/p>\n<\/blockquote>\n<blockquote>\n<p>El plazo de inscripci\u00f3n finaliza el 7 de septiembre.<\/p>\n<\/blockquote>\n<p>El plazo de inscripci\u00f3n para el homenaje a los mayores centenarios de M\u00f3stoles, los nacidos en 1926 o con anterioridad, est\u00e1 abierto hasta el 7 septiembre.<\/p>\n<p>Para formalizar la inscripci\u00f3n se deber\u00e1 enviar el formulario a trav\u00e9s del correo electr\u00f3nico administracion.mayores@ayto-mostoles.es Este enlace se abrir\u00e1 en una ventana nueva. o entregarlo de forma presencial en el Centro Municipal de Mayores Juan XXIII.<\/p>\n<p>El formulario de inscripci\u00f3n se podr\u00e1 descargar en el siguiente enlace: https:\/\/www.mostoles.es\/PortalMayores\/es\/calendario-actividades\/homenaje-centenarios-mostoles .<\/p>\n<p>El homenaje, organizado por el Ayuntamiento de M\u00f3stoles, a trav\u00e9s de la Concejal\u00eda de Contrataci\u00f3n, Mayores y Bienestar Social, se celebrar\u00e1 durante la III Semana del Mayor, que tendr\u00e1 lugar del 28 de septiembre al 2 de octubre. El acto estar\u00e1 abierto a familiares y amigos, que podr\u00e1n acompa\u00f1arles en ese d\u00eda de celebraci\u00f3n especial.<\/p>\n\n\n<figure class=\"wp-block-image size-large\"><img loading=\"lazy\" decoding=\"async\" width=\"724\" height=\"1024\" src=\"https:\/\/sur-madrid.com\/online\/\/wp-content\/uploads\/2026\/08\/continua-abierto-plazo-inscripcion-homenaje-mayores-centena_img01-724x1024.jpg\" alt=\"\" class=\"wp-image-89011\" srcset=\"https:\/\/sur-madrid.com\/online\/\/wp-content\/uploads\/2026\/08\/continua-abierto-plazo-inscripcion-homenaje-mayores-centena_img01-724x1024.jpg 724w, https:\/\/sur-madrid.com\/online\/\/wp-content\/uploads\/2026\/08\/continua-abierto-plazo-inscripcion-homenaje-mayores-centena_img01-212x300.jpg 212w, https:\/\/sur-madrid.com\/online\/\/wp-content\/uploads\/2026\/08\/continua-abierto-plazo-inscripcion-homenaje-mayores-centena_img01-768x1086.jpg 768w, https:\/\/sur-madrid.com\/online\/\/wp-content\/uploads\/2026\/08\/continua-abierto-plazo-inscripcion-homenaje-mayores-centena_img01-1086x1536.jpg 1086w, https:\/\/sur-madrid.com\/online\/\/wp-content\/uploads\/2026\/08\/continua-abierto-plazo-inscripcion-homenaje-mayores-centena_img01-1448x2048.jpg 1448w, https:\/\/sur-madrid.com\/online\/\/wp-content\/uploads\/2026\/08\/continua-abierto-plazo-inscripcion-homenaje-mayores-centena_img01-scaled.jpg 1810w\" sizes=\"auto, (max-width: 724px) 100vw, 724px\" \/><\/figure>\n<div class=\"madri-despues-del-contenido madri-entity-placement\" id=\"madri-2587414991\"><div id=\"madri-2894594535\"><p><a href=\"https:\/\/8madrid.tv\/\" target=\"_blank\" rel=\"noopener noreferrer\"><img decoding=\"async\" src=\"https:\/\/sur-madrid.com\/PUB\/2024\/8madridTV-Cabecera_700x160_15-11-2024_15-11-227.gif\" alt=\"Publicabecera\"><\/a><\/p>\n<\/div><\/div><div class=\"madri-debajo-de-la-noticia madri-entity-placement\" id=\"madri-2493066333\"><div id=\"madri-1279739299\"><p><a href=\"https:\/\/8madrid.tv\/\" target=\"_blank\" rel=\"noopener noreferrer\"><img decoding=\"async\" src=\"https:\/\/sur-madrid.com\/PUB\/2024\/8madridTV-Cuadrado_625x521_15-11-2024_15-11-227.gif\"><\/a><\/p>\n<\/div><\/div>","protected":false},"excerpt":{"rendered":"<p>El Ayuntamiento de M\u00f3stoles homenajear\u00e1 a los vecinos centenarios durante la III Semana del Mayor, del 28 de septiembre al 2 de octubre. El plazo de inscripci\u00f3n finaliza el 7 de septiembre. El plazo de inscripci\u00f3n para el homenaje a los mayores centenarios de M\u00f3stoles, los nacidos en 1926 o con anterioridad, est\u00e1 abierto hasta [&hellip;]<\/p>\n","protected":false},"author":10,"featured_media":89008,"comment_status":"closed","ping_status":"closed","sticky":false,"template":"","format":"standard","meta":{"footnotes":""},"categories":[2],"tags":[],"class_list":["post-89006","post","type-post","status-publish","format-standard","has-post-thumbnail","hentry","category-mostoles"],"_links":{"self":[{"href":"https:\/\/sur-madrid.com\/online\/wp-json\/wp\/v2\/posts\/89006","targetHints":{"allow":["GET"]}}],"collection":[{"href":"https:\/\/sur-madrid.com\/online\/wp-json\/wp\/v2\/posts"}],"about":[{"href":"https:\/\/sur-madrid.com\/online\/wp-json\/wp\/v2\/types\/post"}],"author":[{"embeddable":true,"href":"https:\/\/sur-madrid.com\/online\/wp-json\/wp\/v2\/users\/10"}],"replies":[{"embeddable":true,"href":"https:\/\/sur-madrid.com\/online\/wp-json\/wp\/v2\/comments?post=89006"}],"version-history":[{"count":1,"href":"https:\/\/sur-madrid.com\/online\/wp-json\/wp\/v2\/posts\/89006\/revisions"}],"predecessor-version":[{"id":89012,"href":"https:\/\/sur-madrid.com\/online\/wp-json\/wp\/v2\/posts\/89006\/revisions\/89012"}],"wp:featuredmedia":[{"embeddable":true,"href":"https:\/\/sur-madrid.com\/online\/wp-json\/wp\/v2\/media\/89008"}],"wp:attachment":[{"href":"https:\/\/sur-madrid.com\/online\/wp-json\/wp\/v2\/media?parent=89006"}],"wp:term":[{"taxonomy":"category","embeddable":true,"href":"https:\/\/sur-madrid.com\/online\/wp-json\/wp\/v2\/categories?post=89006"},{"taxonomy":"post_tag","embeddable":true,"href":"https:\/\/sur-madrid.com\/online\/wp-json\/wp\/v2\/tags?post=89006"}],"curies":[{"name":"wp","href":"https:\/\/api.w.org\/{rel}","templated":true}]}}