{"id":89002,"date":"2026-08-16T13:00:44","date_gmt":"2026-08-16T11:00:44","guid":{"rendered":"https:\/\/sur-madrid.com\/online\/juan-cruz-jugara-cedido-en-el-malaga-cf-tras-el-acuerdo-alcanzado-con-el-cd-leganes\/"},"modified":"2026-08-16T13:00:44","modified_gmt":"2026-08-16T11:00:44","slug":"juan-cruz-jugara-cedido-en-el-malaga-cf-tras-el-acuerdo-alcanzado-con-el-cd-leganes","status":"publish","type":"post","link":"https:\/\/sur-madrid.com\/online\/juan-cruz-jugara-cedido-en-el-malaga-cf-tras-el-acuerdo-alcanzado-con-el-cd-leganes\/","title":{"rendered":"Juan Cruz jugar\u00e1 cedido en el M\u00e1laga CF tras el acuerdo alcanzado con el CD Legan\u00e9s"},"content":{"rendered":"\n\n<img decoding=\"async\" src=\"https:\/\/sur-madrid.com\/online\/\/wp-content\/uploads\/2026\/08\/RECORTE_HNlhrImXMAIZQbX.jpg\" alt=\"Juan Cruz jugar\u00e1 cedido en el M\u00e1laga CF tras el acuerdo alcanzado con el CD Legan\u00e9s\" style=\"max-width:100%;height:auto;margin:0 auto\" \/>\n\n\n\n\n<p><strong>\uf038 El extremo argentino afrontar\u00e1 la temporada 2026\/27 en el conjunto malacitano en calidad de cedido, con una opci\u00f3n de compra incluida en la operaci\u00f3n, despu\u00e9s de convertirse en una de las piezas importantes del Legan\u00e9s en las \u00faltimas campa\u00f1as.<\/strong><\/p>\n\n\n\n\n<p>El C.D. Legan\u00e9s y el M\u00e1laga C.F. han alcanzado un acuerdo para la cesi\u00f3n de Juan Cruz durante la temporada 2026\/27. El futbolista argentino, nacido en Quilmes, jugar\u00e1 el pr\u00f3ximo curso en el conjunto malacitano en calidad de pr\u00e9stamo, en una operaci\u00f3n que incluye una opci\u00f3n de compra.<\/p>\n\n\n\n\n<p>Juan Cruz lleg\u00f3 al Legan\u00e9s en enero de 2024 procedente del Real Betis y, desde entonces, ha disputado 94 partidos oficiales con la camiseta pepinera, en los que ha firmado 15 goles. Adem\u00e1s, fue una pieza importante en el equipo que logr\u00f3 el ascenso a Primera Divisi\u00f3n y se proclam\u00f3 campe\u00f3n de LALIGA HYPERMOTION en la temporada 2023\/24.<\/p>\n\n\n\n\n\n<p>El club madrile\u00f1o ha agradecido al jugador su compromiso durante estas campa\u00f1as y le ha deseado la mejor de las suertes en esta nueva etapa de su carrera deportiva.<\/p>\n\n\n\n\n<p>&nbsp;<\/p>\n\n\n\n\n<p>14 de agosto de 2026<\/p>\n\n\n\n\n<p>Redacci\u00f3n LEGANES<\/p>\n\n<div class=\"madri-despues-del-contenido madri-entity-placement\" id=\"madri-2882861519\"><div id=\"madri-332289827\"><p><a href=\"https:\/\/8madrid.tv\/\" target=\"_blank\" rel=\"noopener noreferrer\"><img decoding=\"async\" src=\"https:\/\/sur-madrid.com\/PUB\/2024\/8madridTV-Cabecera_700x160_15-11-2024_15-11-227.gif\" alt=\"Publicabecera\"><\/a><\/p>\n<\/div><\/div><div class=\"madri-debajo-de-la-noticia madri-entity-placement\" id=\"madri-321739851\"><div id=\"madri-1497975486\"><p><a href=\"https:\/\/8madrid.tv\/\" target=\"_blank\" rel=\"noopener noreferrer\"><img decoding=\"async\" src=\"https:\/\/sur-madrid.com\/PUB\/2024\/8madridTV-Cuadrado_625x521_15-11-2024_15-11-227.gif\"><\/a><\/p>\n<\/div><\/div>","protected":false},"excerpt":{"rendered":"<p>\uf038 El extremo argentino afrontar\u00e1 la temporada 2026\/27 en el conjunto malacitano en calidad de cedido, con una opci\u00f3n de compra incluida en la operaci\u00f3n, despu\u00e9s de convertirse en una de las piezas importantes del Legan\u00e9s en las \u00faltimas campa\u00f1as. El C.D. Legan\u00e9s y el M\u00e1laga C.F. han alcanzado un acuerdo para la cesi\u00f3n de [&hellip;]<\/p>\n","protected":false},"author":5,"featured_media":89001,"comment_status":"","ping_status":"","sticky":false,"template":"","format":"standard","meta":{"footnotes":""},"categories":[5],"tags":[],"class_list":["post-89002","post","type-post","status-publish","format-standard","has-post-thumbnail","hentry","category-leganes"],"_links":{"self":[{"href":"https:\/\/sur-madrid.com\/online\/wp-json\/wp\/v2\/posts\/89002","targetHints":{"allow":["GET"]}}],"collection":[{"href":"https:\/\/sur-madrid.com\/online\/wp-json\/wp\/v2\/posts"}],"about":[{"href":"https:\/\/sur-madrid.com\/online\/wp-json\/wp\/v2\/types\/post"}],"author":[{"embeddable":true,"href":"https:\/\/sur-madrid.com\/online\/wp-json\/wp\/v2\/users\/5"}],"replies":[{"embeddable":true,"href":"https:\/\/sur-madrid.com\/online\/wp-json\/wp\/v2\/comments?post=89002"}],"version-history":[{"count":0,"href":"https:\/\/sur-madrid.com\/online\/wp-json\/wp\/v2\/posts\/89002\/revisions"}],"wp:featuredmedia":[{"embeddable":true,"href":"https:\/\/sur-madrid.com\/online\/wp-json\/wp\/v2\/media\/89001"}],"wp:attachment":[{"href":"https:\/\/sur-madrid.com\/online\/wp-json\/wp\/v2\/media?parent=89002"}],"wp:term":[{"taxonomy":"category","embeddable":true,"href":"https:\/\/sur-madrid.com\/online\/wp-json\/wp\/v2\/categories?post=89002"},{"taxonomy":"post_tag","embeddable":true,"href":"https:\/\/sur-madrid.com\/online\/wp-json\/wp\/v2\/tags?post=89002"}],"curies":[{"name":"wp","href":"https:\/\/api.w.org\/{rel}","templated":true}]}}