{"id":89000,"date":"2026-08-16T13:00:35","date_gmt":"2026-08-16T11:00:35","guid":{"rendered":"https:\/\/sur-madrid.com\/online\/uleg-mantiene-un-encuentro-con-la-plataforma-estatal-de-cuidadoras-principales-para-conocer-sus-reivindicaciones\/"},"modified":"2026-08-16T13:00:35","modified_gmt":"2026-08-16T11:00:35","slug":"uleg-mantiene-un-encuentro-con-la-plataforma-estatal-de-cuidadoras-principales-para-conocer-sus-reivindicaciones","status":"publish","type":"post","link":"https:\/\/sur-madrid.com\/online\/uleg-mantiene-un-encuentro-con-la-plataforma-estatal-de-cuidadoras-principales-para-conocer-sus-reivindicaciones\/","title":{"rendered":"ULEG mantiene un encuentro con la Plataforma Estatal de Cuidadoras Principales para conocer sus reivindicaciones"},"content":{"rendered":"\n\n<img decoding=\"async\" src=\"https:\/\/sur-madrid.com\/online\/\/wp-content\/uploads\/2026\/08\/RECORTE_HNq_CCgXUAA4TIV.jpg\" alt=\"ULEG mantiene un encuentro con la Plataforma Estatal de Cuidadoras Principales para conocer sus reivindicaciones\" style=\"max-width:100%;height:auto;margin:0 auto\" \/>\n\n\n\n\n<p><strong>\uf038 La formaci\u00f3n pol\u00edtica escucha las propuestas del colectivo y reafirma su compromiso con el impulso de pol\u00edticas p\u00fablicas que mejoren el apoyo a las personas cuidadoras y dependientes.<\/strong><\/p>\n\n\n\n\n<p>Representantes de Uni\u00f3n por Legan\u00e9s (ULEG) han mantenido una reuni\u00f3n de trabajo con la Plataforma Estatal de Cuidadoras Principales con el objetivo de conocer de primera mano las principales reivindicaciones, necesidades y propuestas de este colectivo.<\/p>\n\n\n\n\n<p>Durante el encuentro, las cuidadoras trasladaron la realidad a la que se enfrentan diariamente y expusieron diferentes iniciativas destinadas a mejorar el reconocimiento, el apoyo institucional y los recursos dirigidos tanto a las personas dependientes como a quienes asumen su cuidado.<\/p>\n\n\n\n\n<p>Desde ULEG destacaron la importancia de mantener un di\u00e1logo permanente con los colectivos sociales para conocer sus inquietudes y trabajar en la b\u00fasqueda de soluciones que contribuyan a mejorar su calidad de vida.<\/p>\n\n\n\n\n<p>La formaci\u00f3n pol\u00edtica subray\u00f3 que \u00abquienes cuidan tambi\u00e9n necesitan ser cuidados\u00bb, poniendo en valor la labor que desempe\u00f1an miles de personas que dedican gran parte de su tiempo al cuidado de familiares dependientes.<\/p>\n\n\n\n\n<p>Asimismo, se\u00f1alaron que escuchar las demandas de estos colectivos constituye el primer paso para dise\u00f1ar y promover pol\u00edticas p\u00fablicas m\u00e1s eficaces, cercanas y adaptadas a las necesidades reales de las personas cuidadoras y de quienes dependen de ellas.<\/p>\n\n\n\n\n<p>&nbsp;<\/p>\n\n\n\n\n<p>14 de agosto de 2026<\/p>\n\n\n\n\n<p>Redacci\u00f3n LEGANES<\/p>\n\n<div class=\"madri-despues-del-contenido madri-entity-placement\" id=\"madri-320913043\"><div id=\"madri-3131626360\"><p><a href=\"https:\/\/8madrid.tv\/\" target=\"_blank\" rel=\"noopener noreferrer\"><img decoding=\"async\" src=\"https:\/\/sur-madrid.com\/PUB\/2024\/8madridTV-Cabecera_700x160_15-11-2024_15-11-227.gif\" alt=\"Publicabecera\"><\/a><\/p>\n<\/div><\/div><div class=\"madri-debajo-de-la-noticia madri-entity-placement\" id=\"madri-976154736\"><div id=\"madri-1265000110\"><p><a href=\"https:\/\/8madrid.tv\/\" target=\"_blank\" rel=\"noopener noreferrer\"><img decoding=\"async\" src=\"https:\/\/sur-madrid.com\/PUB\/2024\/8madridTV-Cuadrado_625x521_15-11-2024_15-11-227.gif\"><\/a><\/p>\n<\/div><\/div>","protected":false},"excerpt":{"rendered":"<p>\uf038 La formaci\u00f3n pol\u00edtica escucha las propuestas del colectivo y reafirma su compromiso con el impulso de pol\u00edticas p\u00fablicas que mejoren el apoyo a las personas cuidadoras y dependientes. Representantes de Uni\u00f3n por Legan\u00e9s (ULEG) han mantenido una reuni\u00f3n de trabajo con la Plataforma Estatal de Cuidadoras Principales con el objetivo de conocer de primera [&hellip;]<\/p>\n","protected":false},"author":5,"featured_media":88999,"comment_status":"","ping_status":"","sticky":false,"template":"","format":"standard","meta":{"footnotes":""},"categories":[5],"tags":[],"class_list":["post-89000","post","type-post","status-publish","format-standard","has-post-thumbnail","hentry","category-leganes"],"_links":{"self":[{"href":"https:\/\/sur-madrid.com\/online\/wp-json\/wp\/v2\/posts\/89000","targetHints":{"allow":["GET"]}}],"collection":[{"href":"https:\/\/sur-madrid.com\/online\/wp-json\/wp\/v2\/posts"}],"about":[{"href":"https:\/\/sur-madrid.com\/online\/wp-json\/wp\/v2\/types\/post"}],"author":[{"embeddable":true,"href":"https:\/\/sur-madrid.com\/online\/wp-json\/wp\/v2\/users\/5"}],"replies":[{"embeddable":true,"href":"https:\/\/sur-madrid.com\/online\/wp-json\/wp\/v2\/comments?post=89000"}],"version-history":[{"count":0,"href":"https:\/\/sur-madrid.com\/online\/wp-json\/wp\/v2\/posts\/89000\/revisions"}],"wp:featuredmedia":[{"embeddable":true,"href":"https:\/\/sur-madrid.com\/online\/wp-json\/wp\/v2\/media\/88999"}],"wp:attachment":[{"href":"https:\/\/sur-madrid.com\/online\/wp-json\/wp\/v2\/media?parent=89000"}],"wp:term":[{"taxonomy":"category","embeddable":true,"href":"https:\/\/sur-madrid.com\/online\/wp-json\/wp\/v2\/categories?post=89000"},{"taxonomy":"post_tag","embeddable":true,"href":"https:\/\/sur-madrid.com\/online\/wp-json\/wp\/v2\/tags?post=89000"}],"curies":[{"name":"wp","href":"https:\/\/api.w.org\/{rel}","templated":true}]}}