{"id":88998,"date":"2026-08-16T09:00:41","date_gmt":"2026-08-16T07:00:41","guid":{"rendered":"https:\/\/sur-madrid.com\/online\/las-lunas-del-egaleo-vuelven-a-brillar-con-unos-dias-repletos-de-musica-y-talento-en-leganes\/"},"modified":"2026-08-16T09:00:41","modified_gmt":"2026-08-16T07:00:41","slug":"las-lunas-del-egaleo-vuelven-a-brillar-con-unos-dias-repletos-de-musica-y-talento-en-leganes","status":"publish","type":"post","link":"https:\/\/sur-madrid.com\/online\/las-lunas-del-egaleo-vuelven-a-brillar-con-unos-dias-repletos-de-musica-y-talento-en-leganes\/","title":{"rendered":"Las Lunas del Egaleo vuelven a brillar con unos d\u00edas repletos de m\u00fasica y talento en Legan\u00e9s"},"content":{"rendered":"\n\n<img decoding=\"async\" src=\"https:\/\/sur-madrid.com\/online\/\/wp-content\/uploads\/2026\/08\/RECORTE_HND2OXpXkAA4uWx.jpg\" alt=\"Las Lunas del Egaleo vuelven a brillar con unos d\u00edas repletos de m\u00fasica y talento en Legan\u00e9s\" style=\"max-width:100%;height:auto;margin:0 auto\" \/>\n\n\n\n\n<p><strong>\uf038 Tributos a grandes referentes de la m\u00fasica espa\u00f1ola, artistas locales y voces consolidadas convirtieron el escenario de Las Lunas del Egaleo en el gran protagonista de las noches de verano, reuniendo a centenares de asistentes en un ambiente \u00fanico.<\/strong><\/p>\n\n\n\n\n<p>Las Lunas del Egaleo contin\u00faan consolid\u00e1ndose como uno de los grandes referentes culturales del verano en Legan\u00e9s gracias a una programaci\u00f3n musical que volvi\u00f3 a reunir a centenares de vecinos y visitantes durante un intenso fin de semana de conciertos.<\/p>\n\n\n\n\n<p>La programaci\u00f3n arranc\u00f3 con el potente directo de Oraci\u00f3n, la banda tributo a H\u00e9roes del Silencio, que hizo vibrar al p\u00fablico interpretando algunos de los grandes himnos del m\u00edtico grupo liderado por Enrique Bunbury. Una actuaci\u00f3n cargada de energ\u00eda y nostalgia que convirti\u00f3 el recinto en un aut\u00e9ntico homenaje al rock espa\u00f1ol.<\/p>\n\n\n\n\n<img decoding=\"async\" src=\"https:\/\/sur-madrid.com\/online\/\/wp-content\/uploads\/2026\/08\/RECORTE_HM-iQeLXYAAJFB1.jpg\" alt=\"Las Lunas del Egaleo vuelven a brillar con unos d\u00edas repletos de m\u00fasica y talento en Legan\u00e9s\" style=\"max-width:100%;height:auto;margin:0 auto\" \/>\n\n\n\n\n<p>El festival tambi\u00e9n reserv\u00f3 un espacio destacado para el talento local con la actuaci\u00f3n de la artista pepinera Irenne, encargada de abrir una de las veladas antes de dar paso a Marta Soto, quien conquist\u00f3 al p\u00fablico con un concierto lleno de emoci\u00f3n, cercan\u00eda y algunos de sus temas m\u00e1s conocidos, logrando que los asistentes disfrutaran de una noche muy especial.<\/p>\n\n\n\n\n<p>La m\u00fasica continu\u00f3 con la actuaci\u00f3n de Los Inspectores, que pusieron a cantar y bailar al p\u00fablico gracias a un repertorio repleto de versiones de grandes bandas y artistas del panorama nacional como Los Secretos, Loquillo, Los Rodr\u00edguez, Tequila, Pereza o Hombres G, manteniendo el excelente ambiente que caracteriza al ciclo estival.<\/p>\n\n\n\n\n<img decoding=\"async\" src=\"https:\/\/sur-madrid.com\/online\/\/wp-content\/uploads\/2026\/08\/RECORTE_HM-iQeOXwAEO5fZ.jpg\" alt=\"Las Lunas del Egaleo vuelven a brillar con unos d\u00edas repletos de m\u00fasica y talento en Legan\u00e9s\" style=\"max-width:100%;height:auto;margin:0 auto\" \/>\n\n\n\n\n<p>Otra de las noches m\u00e1s multitudinarias lleg\u00f3 con el concierto de Arrivederci Lola, banda tributo a Joaqu\u00edn Sabina, que reuni\u00f3 a centenares de amantes de la m\u00fasica del cantautor jienense. El p\u00fablico disfrut\u00f3 coreando algunos de los temas m\u00e1s emblem\u00e1ticos de su trayectoria, en una actuaci\u00f3n que rindi\u00f3 homenaje a uno de los artistas m\u00e1s influyentes de la m\u00fasica espa\u00f1ola y que volvi\u00f3 a llenar de emoci\u00f3n el recinto de Las Lunas del Egaleo.<\/p>\n\n\n\n\n<p>El broche lo puso la cantautora Vicky Gastelo, una de las voces m\u00e1s reconocidas de la m\u00fasica de autor en Espa\u00f1a, que emocion\u00f3 al p\u00fablico con un repertorio cargado de sensibilidad, acompa\u00f1ado por las historias de amor, amistad y superaci\u00f3n presentes en sus canciones. Antes de su actuaci\u00f3n, el escenario volvi\u00f3 a dar protagonismo al talento de Legan\u00e9s con la participaci\u00f3n de Claudia Le\u00f3n, que ejerci\u00f3 de telonera.<\/p>\n\n\n\n\n<img decoding=\"async\" src=\"https:\/\/sur-madrid.com\/online\/\/wp-content\/uploads\/2026\/08\/RECORTE_HND2OXnWsAAyrjy.jpg\" alt=\"Las Lunas del Egaleo vuelven a brillar con unos d\u00edas repletos de m\u00fasica y talento en Legan\u00e9s\" style=\"max-width:100%;height:auto;margin:0 auto\" \/>\n\n\n\n\n<img decoding=\"async\" src=\"https:\/\/sur-madrid.com\/online\/\/wp-content\/uploads\/2026\/08\/RECORTE_HM5d-WJWUAA8KBA.jpg\" alt=\"Las Lunas del Egaleo vuelven a brillar con unos d\u00edas repletos de m\u00fasica y talento en Legan\u00e9s\" style=\"max-width:100%;height:auto;margin:0 auto\" \/>\n\n\n\n\n<img decoding=\"async\" src=\"https:\/\/sur-madrid.com\/online\/\/wp-content\/uploads\/2026\/08\/RECORTE_HNisp8eXsAAKhAJ.jpg\" alt=\"Las Lunas del Egaleo vuelven a brillar con unos d\u00edas repletos de m\u00fasica y talento en Legan\u00e9s\" style=\"max-width:100%;height:auto;margin:0 auto\" \/>\n\n\n\n\n<p>&nbsp;<\/p>\n\n\n\n\n<p>14 de agosto de 2026<\/p>\n\n\n\n\n<p>Redacci\u00f3n LEGANES<\/p>\n\n<div class=\"madri-despues-del-contenido madri-entity-placement\" id=\"madri-1780223416\"><div id=\"madri-3117401006\"><p><a href=\"https:\/\/8madrid.tv\/\" target=\"_blank\" rel=\"noopener noreferrer\"><img decoding=\"async\" src=\"https:\/\/sur-madrid.com\/PUB\/2024\/8madridTV-Cabecera_700x160_15-11-2024_15-11-227.gif\" alt=\"Publicabecera\"><\/a><\/p>\n<\/div><\/div><div class=\"madri-debajo-de-la-noticia madri-entity-placement\" id=\"madri-2051617576\"><div id=\"madri-4204680043\"><p><a href=\"https:\/\/8madrid.tv\/\" target=\"_blank\" rel=\"noopener noreferrer\"><img decoding=\"async\" src=\"https:\/\/sur-madrid.com\/PUB\/2024\/8madridTV-Cuadrado_625x521_15-11-2024_15-11-227.gif\"><\/a><\/p>\n<\/div><\/div>","protected":false},"excerpt":{"rendered":"<p>\uf038 Tributos a grandes referentes de la m\u00fasica espa\u00f1ola, artistas locales y voces consolidadas convirtieron el escenario de Las Lunas del Egaleo en el gran protagonista de las noches de verano, reuniendo a centenares de asistentes en un ambiente \u00fanico. Las Lunas del Egaleo contin\u00faan consolid\u00e1ndose como uno de los grandes referentes culturales del verano [&hellip;]<\/p>\n","protected":false},"author":5,"featured_media":88992,"comment_status":"","ping_status":"","sticky":false,"template":"","format":"standard","meta":{"footnotes":""},"categories":[5],"tags":[],"class_list":["post-88998","post","type-post","status-publish","format-standard","has-post-thumbnail","hentry","category-leganes"],"_links":{"self":[{"href":"https:\/\/sur-madrid.com\/online\/wp-json\/wp\/v2\/posts\/88998","targetHints":{"allow":["GET"]}}],"collection":[{"href":"https:\/\/sur-madrid.com\/online\/wp-json\/wp\/v2\/posts"}],"about":[{"href":"https:\/\/sur-madrid.com\/online\/wp-json\/wp\/v2\/types\/post"}],"author":[{"embeddable":true,"href":"https:\/\/sur-madrid.com\/online\/wp-json\/wp\/v2\/users\/5"}],"replies":[{"embeddable":true,"href":"https:\/\/sur-madrid.com\/online\/wp-json\/wp\/v2\/comments?post=88998"}],"version-history":[{"count":0,"href":"https:\/\/sur-madrid.com\/online\/wp-json\/wp\/v2\/posts\/88998\/revisions"}],"wp:featuredmedia":[{"embeddable":true,"href":"https:\/\/sur-madrid.com\/online\/wp-json\/wp\/v2\/media\/88992"}],"wp:attachment":[{"href":"https:\/\/sur-madrid.com\/online\/wp-json\/wp\/v2\/media?parent=88998"}],"wp:term":[{"taxonomy":"category","embeddable":true,"href":"https:\/\/sur-madrid.com\/online\/wp-json\/wp\/v2\/categories?post=88998"},{"taxonomy":"post_tag","embeddable":true,"href":"https:\/\/sur-madrid.com\/online\/wp-json\/wp\/v2\/tags?post=88998"}],"curies":[{"name":"wp","href":"https:\/\/api.w.org\/{rel}","templated":true}]}}