{"id":88991,"date":"2026-08-16T09:00:29","date_gmt":"2026-08-16T07:00:29","guid":{"rendered":"https:\/\/sur-madrid.com\/online\/uleg-invita-a-todos-a-disfrutar-de-sus-tradicionales-bocadillos-y-buen-rollo-en-su-carpa\/"},"modified":"2026-08-16T09:00:29","modified_gmt":"2026-08-16T07:00:29","slug":"uleg-invita-a-todos-a-disfrutar-de-sus-tradicionales-bocadillos-y-buen-rollo-en-su-carpa","status":"publish","type":"post","link":"https:\/\/sur-madrid.com\/online\/uleg-invita-a-todos-a-disfrutar-de-sus-tradicionales-bocadillos-y-buen-rollo-en-su-carpa\/","title":{"rendered":"ULEG invita a todos a disfrutar de sus tradicionales bocadillos y buen rollo en su carpa"},"content":{"rendered":"\n\n<img decoding=\"async\" src=\"https:\/\/sur-madrid.com\/online\/\/wp-content\/uploads\/2026\/08\/RECORTE_Gygqnn-WoAAKl7t.jpg\" alt=\"ULEG invita a todos a disfrutar de sus tradicionales bocadillos y buen rollo en su carpa\" style=\"max-width:100%;height:auto;margin:0 auto\" \/>\n\n\n\n\n<p>Con motivo de las Fiestas de Nuestra Se\u00f1ora de Butarque 2026, Uni\u00f3n por Legan\u00e9s (ULEG) volver\u00e1 a participar activamente en una de las celebraciones m\u00e1s importantes del municipio, invitando a todos los vecinos y visitantes a acercarse a su tradicional carpa, donde no faltar\u00e1n los populares bocadillos, el buen ambiente y la convivencia.<\/p>\n\n\n\n\n<p>Como viene siendo habitual cada a\u00f1o, la carpa de ULEG se convertir\u00e1 en un punto de encuentro para compartir las fiestas con amigos, familiares y vecinos, en un espacio abierto donde la cercan\u00eda, la hospitalidad y el esp\u00edritu festivo ser\u00e1n los grandes protagonistas.<\/p>\n\n\n\n\n<p>Desde la formaci\u00f3n independiente animan a todos los leganenses a disfrutar de unos d\u00edas llenos de m\u00fasica, diversi\u00f3n y tradici\u00f3n, compartiendo el ambiente que caracteriza a unas fiestas que cada verano re\u00fanen a miles de personas en las calles de la ciudad.<\/p>\n\n\n\n\n<p>Las Fiestas de Nuestra Se\u00f1ora de Butarque 2026 prometen convertir, un a\u00f1o m\u00e1s, a Legan\u00e9s en uno de los grandes referentes festivos del verano madrile\u00f1o<\/p>\n\n\n\n\n<p>&nbsp;<\/p>\n\n\n\n\n<p>14 de agosto de 2026<\/p>\n\n\n\n\n<p>Redacci\u00f3n LEGANES<\/p>\n\n<div class=\"madri-despues-del-contenido madri-entity-placement\" id=\"madri-664831114\"><div id=\"madri-1201671815\"><p><a href=\"https:\/\/8madrid.tv\/\" target=\"_blank\" rel=\"noopener noreferrer\"><img decoding=\"async\" src=\"https:\/\/sur-madrid.com\/PUB\/2024\/8madridTV-Cabecera_700x160_15-11-2024_15-11-227.gif\" alt=\"Publicabecera\"><\/a><\/p>\n<\/div><\/div><div class=\"madri-debajo-de-la-noticia madri-entity-placement\" id=\"madri-2903961033\"><div id=\"madri-3336663728\"><p><a href=\"https:\/\/8madrid.tv\/\" target=\"_blank\" rel=\"noopener noreferrer\"><img decoding=\"async\" src=\"https:\/\/sur-madrid.com\/PUB\/2024\/8madridTV-Cuadrado_625x521_15-11-2024_15-11-227.gif\"><\/a><\/p>\n<\/div><\/div>","protected":false},"excerpt":{"rendered":"<p>Con motivo de las Fiestas de Nuestra Se\u00f1ora de Butarque 2026, Uni\u00f3n por Legan\u00e9s (ULEG) volver\u00e1 a participar activamente en una de las celebraciones m\u00e1s importantes del municipio, invitando a todos los vecinos y visitantes a acercarse a su tradicional carpa, donde no faltar\u00e1n los populares bocadillos, el buen ambiente y la convivencia. Como viene [&hellip;]<\/p>\n","protected":false},"author":5,"featured_media":88990,"comment_status":"","ping_status":"","sticky":false,"template":"","format":"standard","meta":{"footnotes":""},"categories":[5],"tags":[],"class_list":["post-88991","post","type-post","status-publish","format-standard","has-post-thumbnail","hentry","category-leganes"],"_links":{"self":[{"href":"https:\/\/sur-madrid.com\/online\/wp-json\/wp\/v2\/posts\/88991","targetHints":{"allow":["GET"]}}],"collection":[{"href":"https:\/\/sur-madrid.com\/online\/wp-json\/wp\/v2\/posts"}],"about":[{"href":"https:\/\/sur-madrid.com\/online\/wp-json\/wp\/v2\/types\/post"}],"author":[{"embeddable":true,"href":"https:\/\/sur-madrid.com\/online\/wp-json\/wp\/v2\/users\/5"}],"replies":[{"embeddable":true,"href":"https:\/\/sur-madrid.com\/online\/wp-json\/wp\/v2\/comments?post=88991"}],"version-history":[{"count":0,"href":"https:\/\/sur-madrid.com\/online\/wp-json\/wp\/v2\/posts\/88991\/revisions"}],"wp:featuredmedia":[{"embeddable":true,"href":"https:\/\/sur-madrid.com\/online\/wp-json\/wp\/v2\/media\/88990"}],"wp:attachment":[{"href":"https:\/\/sur-madrid.com\/online\/wp-json\/wp\/v2\/media?parent=88991"}],"wp:term":[{"taxonomy":"category","embeddable":true,"href":"https:\/\/sur-madrid.com\/online\/wp-json\/wp\/v2\/categories?post=88991"},{"taxonomy":"post_tag","embeddable":true,"href":"https:\/\/sur-madrid.com\/online\/wp-json\/wp\/v2\/tags?post=88991"}],"curies":[{"name":"wp","href":"https:\/\/api.w.org\/{rel}","templated":true}]}}