{"id":88989,"date":"2026-08-14T21:00:58","date_gmt":"2026-08-14T19:00:58","guid":{"rendered":"https:\/\/sur-madrid.com\/online\/un-amplio-programa\/"},"modified":"2026-08-14T21:00:58","modified_gmt":"2026-08-14T19:00:58","slug":"un-amplio-programa","status":"publish","type":"post","link":"https:\/\/sur-madrid.com\/online\/un-amplio-programa\/","title":{"rendered":"Un amplio programa"},"content":{"rendered":"\n\n<img decoding=\"async\" src=\"https:\/\/sur-madrid.com\/online\/\/wp-content\/uploads\/2026\/08\/RECORTE_GyVu2MFW8AAwg1V.jpg\" alt=\"Un amplio programa\" style=\"max-width:100%;height:auto;margin:0 auto\" \/>\n\n\n\n\n<p>El Ayuntamiento de Legan\u00e9s ha dado a conocer el programa oficial de las Fiestas de Nuestra Se\u00f1ora de Butarque 2026, que se celebrar\u00e1n del 7 al 16 de agosto con una amplia oferta de actividades culturales, musicales, deportivas, infantiles y tradicionales dirigidas a todos los p\u00fablicos.<\/p>\n\n\n\n\n<p>Durante diez intensos d\u00edas, vecinos y visitantes podr\u00e1n disfrutar de un completo calendario festivo en el que no faltar\u00e1n los grandes conciertos, las actuaciones musicales, las verbenas populares, las actividades organizadas por las pe\u00f1as, la feria, los espect\u00e1culos de humor, los fuegos artificiales y los actos religiosos en honor a la patrona de la ciudad.<\/p>\n\n\n\n\n<p>Uno de los primeros grandes eventos llegar\u00e1 el s\u00e1bado 8 de agosto con la Opening Party Butarque 2026, protagonizada por Santi Amate, que ser\u00e1 la encargada de dar el pistoletazo de salida a las fiestas con una gran noche de m\u00fasica y ambiente festivo.<\/p>\n\n\n\n\n<p>El mi\u00e9rcoles 12 de agosto se vivir\u00e1 uno de los momentos m\u00e1s esperados con el Preg\u00f3n de las Fiestas, que este a\u00f1o correr\u00e1 a cargo de las Pe\u00f1as de Legan\u00e9s, en reconocimiento a su implicaci\u00f3n y dedicaci\u00f3n durante d\u00e9cadas. Tras el preg\u00f3n, los tradicionales Fuegos del Preg\u00f3n iluminar\u00e1n el cielo de la ciudad antes de dar paso a la actuaci\u00f3n de la prestigiosa Gran Orquesta Par\u00eds de Noia.<\/p>\n\n\n\n\n<p>&nbsp;<\/p>\n\n\n\n\n<p>14 de agosto de 2026<\/p>\n\n\n\n\n<p>Redacci\u00f3n LEGANES<\/p>\n\n<div class=\"madri-despues-del-contenido madri-entity-placement\" id=\"madri-2744622441\"><div id=\"madri-201908214\"><p><a href=\"https:\/\/8madrid.tv\/\" target=\"_blank\" rel=\"noopener noreferrer\"><img decoding=\"async\" src=\"https:\/\/sur-madrid.com\/PUB\/2024\/8madridTV-Cabecera_700x160_15-11-2024_15-11-227.gif\" alt=\"Publicabecera\"><\/a><\/p>\n<\/div><\/div><div class=\"madri-debajo-de-la-noticia madri-entity-placement\" id=\"madri-570763957\"><div id=\"madri-563809418\"><p><a href=\"https:\/\/8madrid.tv\/\" target=\"_blank\" rel=\"noopener noreferrer\"><img decoding=\"async\" src=\"https:\/\/sur-madrid.com\/PUB\/2024\/8madridTV-Cuadrado_625x521_15-11-2024_15-11-227.gif\"><\/a><\/p>\n<\/div><\/div>","protected":false},"excerpt":{"rendered":"<p>El Ayuntamiento de Legan\u00e9s ha dado a conocer el programa oficial de las Fiestas de Nuestra Se\u00f1ora de Butarque 2026, que se celebrar\u00e1n del 7 al 16 de agosto con una amplia oferta de actividades culturales, musicales, deportivas, infantiles y tradicionales dirigidas a todos los p\u00fablicos. Durante diez intensos d\u00edas, vecinos y visitantes podr\u00e1n disfrutar [&hellip;]<\/p>\n","protected":false},"author":5,"featured_media":88988,"comment_status":"","ping_status":"","sticky":false,"template":"","format":"standard","meta":{"footnotes":""},"categories":[5],"tags":[],"class_list":["post-88989","post","type-post","status-publish","format-standard","has-post-thumbnail","hentry","category-leganes"],"_links":{"self":[{"href":"https:\/\/sur-madrid.com\/online\/wp-json\/wp\/v2\/posts\/88989","targetHints":{"allow":["GET"]}}],"collection":[{"href":"https:\/\/sur-madrid.com\/online\/wp-json\/wp\/v2\/posts"}],"about":[{"href":"https:\/\/sur-madrid.com\/online\/wp-json\/wp\/v2\/types\/post"}],"author":[{"embeddable":true,"href":"https:\/\/sur-madrid.com\/online\/wp-json\/wp\/v2\/users\/5"}],"replies":[{"embeddable":true,"href":"https:\/\/sur-madrid.com\/online\/wp-json\/wp\/v2\/comments?post=88989"}],"version-history":[{"count":0,"href":"https:\/\/sur-madrid.com\/online\/wp-json\/wp\/v2\/posts\/88989\/revisions"}],"wp:featuredmedia":[{"embeddable":true,"href":"https:\/\/sur-madrid.com\/online\/wp-json\/wp\/v2\/media\/88988"}],"wp:attachment":[{"href":"https:\/\/sur-madrid.com\/online\/wp-json\/wp\/v2\/media?parent=88989"}],"wp:term":[{"taxonomy":"category","embeddable":true,"href":"https:\/\/sur-madrid.com\/online\/wp-json\/wp\/v2\/categories?post=88989"},{"taxonomy":"post_tag","embeddable":true,"href":"https:\/\/sur-madrid.com\/online\/wp-json\/wp\/v2\/tags?post=88989"}],"curies":[{"name":"wp","href":"https:\/\/api.w.org\/{rel}","templated":true}]}}