{"id":88987,"date":"2026-08-14T21:00:50","date_gmt":"2026-08-14T19:00:50","guid":{"rendered":"https:\/\/sur-madrid.com\/online\/una-programacion-pensada-para-todos-los-publicos\/"},"modified":"2026-08-14T21:00:50","modified_gmt":"2026-08-14T19:00:50","slug":"una-programacion-pensada-para-todos-los-publicos","status":"publish","type":"post","link":"https:\/\/sur-madrid.com\/online\/una-programacion-pensada-para-todos-los-publicos\/","title":{"rendered":"Una programaci\u00f3n pensada para todos los p\u00fablicos"},"content":{"rendered":"\n\n<img decoding=\"async\" src=\"https:\/\/sur-madrid.com\/online\/\/wp-content\/uploads\/2026\/08\/RECORTE_Gx06I3TXcAAHxXx.jpg\" alt=\"Una programaci\u00f3n pensada para todos los p\u00fablicos\" style=\"max-width:100%;height:auto;margin:0 auto\" \/>\n\n\n\n\n<p>El Recinto Ferial volver\u00e1 a convertirse en el gran coraz\u00f3n de las fiestas acogiendo algunos de los conciertos m\u00e1s destacados del programa, con actuaciones de Paul Alone, Enol, Caf\u00e9 Quijano, Demarco Flamenco, el Festival Radiol\u00e9 \u00abLegan\u00e9s y Ol\u00e9 2026\u00bb y la gran fiesta Los 40 Urban Party, que reunir\u00e1 a algunos de los artistas m\u00e1s destacados del panorama musical actual.<\/p>\n\n\n\n\n<p>La programaci\u00f3n tambi\u00e9n llegar\u00e1 a la Plaza de Espa\u00f1a, donde se celebrar\u00e1n conciertos, actuaciones y orquestas para animar las noches estivales en pleno centro de la ciudad, mientras que los amantes de la m\u00fasica electr\u00f3nica podr\u00e1n disfrutar de propuestas como la Fiesta Afrohouse con P. Rivas &amp; Oliver Gil, adem\u00e1s de las tradicionales Pe\u00f1as Party, amenizadas por DJ Pulpo y DJ Tello.<\/p>\n\n\n\n\n<img decoding=\"async\" src=\"https:\/\/sur-madrid.com\/online\/\/wp-content\/uploads\/2026\/08\/RECORTE_GyVu2MJWMAI5M9t.jpg\" alt=\"Una programaci\u00f3n pensada para todos los p\u00fablicos\" style=\"max-width:100%;height:auto;margin:0 auto\" \/>\n\n\n\n\n<p>Como es tradici\u00f3n, las fiestas mantendr\u00e1n su car\u00e1cter religioso y popular con los actos en honor a Nuestra Se\u00f1ora de Butarque, incluyendo la peregrinaci\u00f3n, el traslado de la imagen y la solemne Procesi\u00f3n de la Asunci\u00f3n, que volver\u00e1n a reunir a cientos de fieles y vecinos.<\/p>\n\n\n\n\n<p>Adem\u00e1s, el programa incluye una amplia oferta de actividades infantiles, atracciones de feria, espect\u00e1culos familiares, humor, pasacalles y numerosas propuestas organizadas por las pe\u00f1as, que volver\u00e1n a llenar de color, convivencia y alegr\u00eda las calles de Legan\u00e9s.<\/p>\n\n\n\n\n<p>Con una programaci\u00f3n pensada para todos los p\u00fablicos, las Fiestas de Nuestra Se\u00f1ora de Butarque 2026 prometen convertir, un a\u00f1o m\u00e1s, a Legan\u00e9s en uno de los grandes referentes festivos del verano madrile\u00f1o, combinando tradici\u00f3n, cultura, m\u00fasica y entretenimiento en una celebraci\u00f3n que volver\u00e1 a reunir a miles de personas.<\/p>\n\n\n\n\n<p>&nbsp;<\/p>\n\n\n\n\n<p>14 de agosto de 2026<\/p>\n\n\n\n\n<p>Redacci\u00f3n LEGANES<\/p>\n\n<div class=\"madri-despues-del-contenido madri-entity-placement\" id=\"madri-1224101505\"><div id=\"madri-1050162221\"><p><a href=\"https:\/\/8madrid.tv\/\" target=\"_blank\" rel=\"noopener noreferrer\"><img decoding=\"async\" src=\"https:\/\/sur-madrid.com\/PUB\/2024\/8madridTV-Cabecera_700x160_15-11-2024_15-11-227.gif\" alt=\"Publicabecera\"><\/a><\/p>\n<\/div><\/div><div class=\"madri-debajo-de-la-noticia madri-entity-placement\" id=\"madri-3871694581\"><div id=\"madri-929167580\"><p><a href=\"https:\/\/8madrid.tv\/\" target=\"_blank\" rel=\"noopener noreferrer\"><img decoding=\"async\" src=\"https:\/\/sur-madrid.com\/PUB\/2024\/8madridTV-Cuadrado_625x521_15-11-2024_15-11-227.gif\"><\/a><\/p>\n<\/div><\/div>","protected":false},"excerpt":{"rendered":"<p>El Recinto Ferial volver\u00e1 a convertirse en el gran coraz\u00f3n de las fiestas acogiendo algunos de los conciertos m\u00e1s destacados del programa, con actuaciones de Paul Alone, Enol, Caf\u00e9 Quijano, Demarco Flamenco, el Festival Radiol\u00e9 \u00abLegan\u00e9s y Ol\u00e9 2026\u00bb y la gran fiesta Los 40 Urban Party, que reunir\u00e1 a algunos de los artistas m\u00e1s [&hellip;]<\/p>\n","protected":false},"author":5,"featured_media":88985,"comment_status":"","ping_status":"","sticky":false,"template":"","format":"standard","meta":{"footnotes":""},"categories":[5],"tags":[],"class_list":["post-88987","post","type-post","status-publish","format-standard","has-post-thumbnail","hentry","category-leganes"],"_links":{"self":[{"href":"https:\/\/sur-madrid.com\/online\/wp-json\/wp\/v2\/posts\/88987","targetHints":{"allow":["GET"]}}],"collection":[{"href":"https:\/\/sur-madrid.com\/online\/wp-json\/wp\/v2\/posts"}],"about":[{"href":"https:\/\/sur-madrid.com\/online\/wp-json\/wp\/v2\/types\/post"}],"author":[{"embeddable":true,"href":"https:\/\/sur-madrid.com\/online\/wp-json\/wp\/v2\/users\/5"}],"replies":[{"embeddable":true,"href":"https:\/\/sur-madrid.com\/online\/wp-json\/wp\/v2\/comments?post=88987"}],"version-history":[{"count":0,"href":"https:\/\/sur-madrid.com\/online\/wp-json\/wp\/v2\/posts\/88987\/revisions"}],"wp:featuredmedia":[{"embeddable":true,"href":"https:\/\/sur-madrid.com\/online\/wp-json\/wp\/v2\/media\/88985"}],"wp:attachment":[{"href":"https:\/\/sur-madrid.com\/online\/wp-json\/wp\/v2\/media?parent=88987"}],"wp:term":[{"taxonomy":"category","embeddable":true,"href":"https:\/\/sur-madrid.com\/online\/wp-json\/wp\/v2\/categories?post=88987"},{"taxonomy":"post_tag","embeddable":true,"href":"https:\/\/sur-madrid.com\/online\/wp-json\/wp\/v2\/tags?post=88987"}],"curies":[{"name":"wp","href":"https:\/\/api.w.org\/{rel}","templated":true}]}}