{"id":88980,"date":"2026-08-14T20:02:53","date_gmt":"2026-08-14T18:02:53","guid":{"rendered":"https:\/\/sur-madrid.com\/online\/saluda-del-alcalde-leganes-celebra-sus-fiestas-patronales-2026\/"},"modified":"2026-08-14T20:02:53","modified_gmt":"2026-08-14T18:02:53","slug":"saluda-del-alcalde-leganes-celebra-sus-fiestas-patronales-2026","status":"publish","type":"post","link":"https:\/\/sur-madrid.com\/online\/saluda-del-alcalde-leganes-celebra-sus-fiestas-patronales-2026\/","title":{"rendered":"Saluda del Alcalde. Legan\u00e9s celebra sus fiestas Patronales 2026"},"content":{"rendered":"\n\n<img decoding=\"async\" src=\"https:\/\/sur-madrid.com\/online\/\/wp-content\/uploads\/2026\/08\/RECORTE_saluda-2026-08-14-194016.jpg\" alt=\"Saluda del Alcalde. Legan\u00e9s celebra sus fiestas Patronales 2026\" style=\"max-width:100%;height:auto;margin:0 auto\" \/>\n\n\n\n\n<p>Queridos vecinos y vecinas:<\/p>\n\n\n\n\n<p>Hay ciudades que se explican por tener alg\u00fan monumento destacado o por momentos puntuales de la historia. Legan\u00e9s se explica, sobre todo, por su gente.<\/p>\n\n\n\n\n<img decoding=\"async\" src=\"https:\/\/sur-madrid.com\/online\/\/wp-content\/uploads\/2026\/08\/RECORTE_saluda-2026-08-14-194016-1.jpg\" alt=\"Saluda del Alcalde. Legan\u00e9s celebra sus fiestas Patronales 2026\" style=\"max-width:100%;height:auto;margin:0 auto\" \/>\n\n\n\n\n<p>Este a\u00f1o celebramos nuestras Fiestas Patronales en Honor a Nuestra Se\u00f1ora de Butarque con un motivo que las hace a\u00fan m\u00e1s especiales: el IV Centenario de la concesi\u00f3n del t\u00edtulo de Villa.<\/p>\n\n\n\n\n<p>Cuatrocientos a\u00f1os despu\u00e9s, seguimos siendo herederos de aquel peque\u00f1o pueblo que creci\u00f3 alrededor de sus campos de cultivo, de su iglesia y de la devoci\u00f3n a su patrona; pero tambi\u00e9n somos una ciudad moderna que ha sabido construir su identidad y que mira al futuro con ilusi\u00f3n y esperanza sin olvidar sus ra\u00edces.<\/p>\n\n\n\n\n<p>Porque las fiestas del mes de agosto significan que Legan\u00e9s vuelve a encontrarse con el alma de su historia. Desde la tradici\u00f3n que sit\u00faa junto al arroyo de Butarque la aparici\u00f3n de la Virgen a aquel humilde molinero conocido como \u201cEl Cristiano\u201d origen de una devoci\u00f3n que ha llegado hasta nuestros d\u00edas, hasta al infancia de Jerom\u00edn entre nuestra calles antes de convertirse en D. Juan de Austria y capitanear en Lepanto la galera conocida como La Real.<\/p>\n\n\n\n\n<p>En estas fiestas se enciende esa chispa que tenemos en nuestro interior cada uno de nosotros, que escenificamos con una sonrisa perenne de felicidad y que nos conecta con el lugar de donde procedemos, o al que hemos llegado y ya pertenecemos: Legan\u00e9s.<\/p>\n\n\n\n\n<p>Las fiestas patronales significan reencontrarse con amigos, la alegr\u00eda de las pe\u00f1as, disfrutar de celebrar en la calle, llena de vida, en familia, y los amigos; la m\u00fasica, la emoci\u00f3n y las tradiciones que nos han acompa\u00f1ado generaci\u00f3n tras generaci\u00f3n. Son el orgullo de sentirnos parte de una misma historia. Orgullo se sentirnos pepineros.<\/p>\n\n\n\n\n<p>Ser pepinero no es s\u00f3lo una cuesti\u00f3n de origen; es un car\u00e1cter que ha hecho de Legan\u00e9s una ciudad acogedora para todo el que llega, capaz de crecer sin perder su esencia, diversa y con el car\u00e1cter bravo e indomable que caracteriza tambi\u00e9n a nuestra regi\u00f3n.<\/p>\n\n\n\n\n<p>Queremos, y desde el Ayuntamiento trabajamos por ello, que estas fiestas vuelvan a ser el mejor reflejo de esa forma de ser. Unas fiestas llenas de diversi\u00f3n, pero tambi\u00e9n de respeto y con responsabilidad; donde todos encontremos espacio para disfrutar y donde todos contribuyamos a que la alegr\u00eda vaya siempre de la mano de una correcta convivencia.<\/p>\n\n\n\n\n<p>Que estos d\u00edas sirvan para celebrar lo que somos y tambi\u00e9n todo lo que a\u00fan est\u00e1 por venir,<\/p>\n\n\n\n\n<p>y todo ello bajo la mirada y el amparo de Nuestra Se\u00f1ora de Butarque, a quien nos encomendamos para que nos acompa\u00f1e en estos d\u00edas y en todos.<\/p>\n\n\n\n\n<p>\u00a1Viva Legan\u00e9s!<\/p>\n\n\n\n\n<p>\u00a1Viva Ntra. Sra. de Butarque!<\/p>\n\n\n\n\n<p>\u00a1Felices Fiestas!<\/p>\n\n\n\n\n<p>Miguel \u00c1ngel Recuenco<\/p>\n\n\n\n\n<p>Alcalde de Legan\u00e9s<\/p>\n\n\n\n\n<p>Almudena Ana Jim\u00e9nez Garc\u00eda<\/p>\n\n\n\n\n<p>Concejala de Festejos<\/p>\n\n\n\n\n<p>&nbsp;<\/p>\n\n\n\n\n<p>14 de agosto de 2026<\/p>\n\n\n\n\n<p>Redacci\u00f3n LEGANES<\/p>\n\n<div class=\"madri-despues-del-contenido madri-entity-placement\" id=\"madri-377167449\"><div id=\"madri-2724944654\"><p><a href=\"https:\/\/8madrid.tv\/\" target=\"_blank\" rel=\"noopener noreferrer\"><img decoding=\"async\" src=\"https:\/\/sur-madrid.com\/PUB\/2024\/8madridTV-Cabecera_700x160_15-11-2024_15-11-227.gif\" alt=\"Publicabecera\"><\/a><\/p>\n<\/div><\/div><div class=\"madri-debajo-de-la-noticia madri-entity-placement\" id=\"madri-1215900554\"><div id=\"madri-35770073\"><p><a href=\"https:\/\/8madrid.tv\/\" target=\"_blank\" rel=\"noopener noreferrer\"><img decoding=\"async\" src=\"https:\/\/sur-madrid.com\/PUB\/2024\/8madridTV-Cuadrado_625x521_15-11-2024_15-11-227.gif\"><\/a><\/p>\n<\/div><\/div>","protected":false},"excerpt":{"rendered":"<p>Queridos vecinos y vecinas: Hay ciudades que se explican por tener alg\u00fan monumento destacado o por momentos puntuales de la historia. Legan\u00e9s se explica, sobre todo, por su gente. Este a\u00f1o celebramos nuestras Fiestas Patronales en Honor a Nuestra Se\u00f1ora de Butarque con un motivo que las hace a\u00fan m\u00e1s especiales: el IV Centenario de [&hellip;]<\/p>\n","protected":false},"author":5,"featured_media":88978,"comment_status":"","ping_status":"","sticky":false,"template":"","format":"standard","meta":{"footnotes":""},"categories":[5],"tags":[],"class_list":["post-88980","post","type-post","status-publish","format-standard","has-post-thumbnail","hentry","category-leganes"],"_links":{"self":[{"href":"https:\/\/sur-madrid.com\/online\/wp-json\/wp\/v2\/posts\/88980","targetHints":{"allow":["GET"]}}],"collection":[{"href":"https:\/\/sur-madrid.com\/online\/wp-json\/wp\/v2\/posts"}],"about":[{"href":"https:\/\/sur-madrid.com\/online\/wp-json\/wp\/v2\/types\/post"}],"author":[{"embeddable":true,"href":"https:\/\/sur-madrid.com\/online\/wp-json\/wp\/v2\/users\/5"}],"replies":[{"embeddable":true,"href":"https:\/\/sur-madrid.com\/online\/wp-json\/wp\/v2\/comments?post=88980"}],"version-history":[{"count":0,"href":"https:\/\/sur-madrid.com\/online\/wp-json\/wp\/v2\/posts\/88980\/revisions"}],"wp:featuredmedia":[{"embeddable":true,"href":"https:\/\/sur-madrid.com\/online\/wp-json\/wp\/v2\/media\/88978"}],"wp:attachment":[{"href":"https:\/\/sur-madrid.com\/online\/wp-json\/wp\/v2\/media?parent=88980"}],"wp:term":[{"taxonomy":"category","embeddable":true,"href":"https:\/\/sur-madrid.com\/online\/wp-json\/wp\/v2\/categories?post=88980"},{"taxonomy":"post_tag","embeddable":true,"href":"https:\/\/sur-madrid.com\/online\/wp-json\/wp\/v2\/tags?post=88980"}],"curies":[{"name":"wp","href":"https:\/\/api.w.org\/{rel}","templated":true}]}}