{"id":88977,"date":"2026-08-14T19:58:13","date_gmt":"2026-08-14T17:58:13","guid":{"rendered":"https:\/\/sur-madrid.com\/online\/leganes-refuerza-su-red-de-refugios-climaticos-y-amplia-la-oferta-de-actividades-veraniegas\/"},"modified":"2026-08-14T19:58:13","modified_gmt":"2026-08-14T17:58:13","slug":"leganes-refuerza-su-red-de-refugios-climaticos-y-amplia-la-oferta-de-actividades-veraniegas","status":"publish","type":"post","link":"https:\/\/sur-madrid.com\/online\/leganes-refuerza-su-red-de-refugios-climaticos-y-amplia-la-oferta-de-actividades-veraniegas\/","title":{"rendered":"Legan\u00e9s refuerza su red de refugios clim\u00e1ticos y ampl\u00eda la oferta de actividades veraniegas"},"content":{"rendered":"\n\n<img decoding=\"async\" src=\"https:\/\/sur-madrid.com\/online\/\/wp-content\/uploads\/2026\/08\/RECORTE_salud-climaticco.jpg\" alt=\"Legan\u00e9s refuerza su red de refugios clim\u00e1ticos y ampl\u00eda la oferta de actividades veraniegas\" style=\"max-width:100%;height:auto;margin:0 auto\" \/>\n\n\n\n\n<p><strong>\uf038 La campa\u00f1a municipal \u201cVerano Saludable\u201d transforma las dependencias p\u00fablicas en espacios protegidos frente a las olas de calor.<\/strong><\/p>\n\n\n\n\n<p>El Ayuntamiento de Legan\u00e9s, a trav\u00e9s del \u00e1rea de Salud Municipal, ha activado una nueva edici\u00f3n de la campa\u00f1a \u00abVerano Saludable\u00bb, una iniciativa destinada a proteger a la poblaci\u00f3n frente a las altas temperaturas mediante una red de refugios clim\u00e1ticos y una programaci\u00f3n espec\u00edfica dirigida a vecinos de todas las edades, con especial atenci\u00f3n a las personas mayores y a los j\u00f3venes.<\/p>\n\n\n\n\n<p>Uno de los ejes principales de la campa\u00f1a son los centros municipales de mayores Juan Mu\u00f1oz, Gregorio Mara\u00f1\u00f3n y El Carrascal, que permanecer\u00e1n abiertos durante todo el verano como espacios climatizados donde descansar y refugiarse del calor. Adem\u00e1s, estos centros, junto al Enrique Tierno Galv\u00e1n, acogen campamentos estivales de estimulaci\u00f3n cognitiva y actividades de ocio, ofreciendo un total de 328 plazas para sus participantes. El Ayuntamiento tambi\u00e9n ha habilitado un mapa interactivo con la ubicaci\u00f3n de refugios clim\u00e1ticos, zonas verdes con sombra y puntos de agua para facilitar su localizaci\u00f3n.<\/p>\n\n\n\n\n<p>La iniciativa incorpora tambi\u00e9n una apuesta por la formaci\u00f3n tecnol\u00f3gica a trav\u00e9s de los telecentros municipales, donde los vecinos pueden acceder gratuitamente a equipos inform\u00e1ticos, conexi\u00f3n a internet, impresi\u00f3n de documentos y talleres pr\u00e1cticos para mejorar sus competencias digitales. Los distintos centros adaptan sus horarios para ofrecer servicio tanto en horario de ma\u00f1ana como de tarde.<\/p>\n\n\n\n\n<p>En el \u00e1mbito juvenil, la Delegaci\u00f3n de Juventud ha vuelto a registrar una gran acogida en su programaci\u00f3n estival. Los campamentos y actividades organizadas en espacios climatizados han agotado todas sus plazas, consolid\u00e1ndose como una alternativa de ocio seguro y saludable para j\u00f3venes de entre 14 y 30 a\u00f1os.<\/p>\n\n\n\n\n<p>La programaci\u00f3n de \u00abVerano Saludable\u00bb se completa con una amplia oferta cultural y deportiva. Talleres, espect\u00e1culos, visitas guiadas y actividades f\u00edsicas en instalaciones municipales acondicionadas permiten que los vecinos contin\u00faen disfrutando del verano de forma activa y segura, con informaci\u00f3n e inscripciones disponibles a trav\u00e9s de los canales oficiales del Ayuntamiento.<\/p>\n\n\n\n\n<p>Con esta campa\u00f1a, Legan\u00e9s vuelve a apostar por un verano en el que la prevenci\u00f3n frente al calor, el bienestar ciudadano y la promoci\u00f3n de h\u00e1bitos saludables se combinan con una variada oferta de ocio, cultura y deporte para toda la poblaci\u00f3n.<\/p>\n\n\n\n\n<p>&nbsp;<\/p>\n\n\n\n\n<p>14 de agosto de 2026<\/p>\n\n\n\n\n<p>Redacci\u00f3n LEGANES<\/p>\n\n<div class=\"madri-despues-del-contenido madri-entity-placement\" id=\"madri-1407965854\"><div id=\"madri-2749049683\"><p><a href=\"https:\/\/8madrid.tv\/\" target=\"_blank\" rel=\"noopener noreferrer\"><img decoding=\"async\" src=\"https:\/\/sur-madrid.com\/PUB\/2024\/8madridTV-Cabecera_700x160_15-11-2024_15-11-227.gif\" alt=\"Publicabecera\"><\/a><\/p>\n<\/div><\/div><div class=\"madri-debajo-de-la-noticia madri-entity-placement\" id=\"madri-3667662643\"><div id=\"madri-1278135629\"><p><a href=\"https:\/\/8madrid.tv\/\" target=\"_blank\" rel=\"noopener noreferrer\"><img decoding=\"async\" src=\"https:\/\/sur-madrid.com\/PUB\/2024\/8madridTV-Cuadrado_625x521_15-11-2024_15-11-227.gif\"><\/a><\/p>\n<\/div><\/div>","protected":false},"excerpt":{"rendered":"<p>\uf038 La campa\u00f1a municipal \u201cVerano Saludable\u201d transforma las dependencias p\u00fablicas en espacios protegidos frente a las olas de calor. El Ayuntamiento de Legan\u00e9s, a trav\u00e9s del \u00e1rea de Salud Municipal, ha activado una nueva edici\u00f3n de la campa\u00f1a \u00abVerano Saludable\u00bb, una iniciativa destinada a proteger a la poblaci\u00f3n frente a las altas temperaturas mediante una [&hellip;]<\/p>\n","protected":false},"author":5,"featured_media":88976,"comment_status":"","ping_status":"","sticky":false,"template":"","format":"standard","meta":{"footnotes":""},"categories":[5],"tags":[],"class_list":["post-88977","post","type-post","status-publish","format-standard","has-post-thumbnail","hentry","category-leganes"],"_links":{"self":[{"href":"https:\/\/sur-madrid.com\/online\/wp-json\/wp\/v2\/posts\/88977","targetHints":{"allow":["GET"]}}],"collection":[{"href":"https:\/\/sur-madrid.com\/online\/wp-json\/wp\/v2\/posts"}],"about":[{"href":"https:\/\/sur-madrid.com\/online\/wp-json\/wp\/v2\/types\/post"}],"author":[{"embeddable":true,"href":"https:\/\/sur-madrid.com\/online\/wp-json\/wp\/v2\/users\/5"}],"replies":[{"embeddable":true,"href":"https:\/\/sur-madrid.com\/online\/wp-json\/wp\/v2\/comments?post=88977"}],"version-history":[{"count":0,"href":"https:\/\/sur-madrid.com\/online\/wp-json\/wp\/v2\/posts\/88977\/revisions"}],"wp:featuredmedia":[{"embeddable":true,"href":"https:\/\/sur-madrid.com\/online\/wp-json\/wp\/v2\/media\/88976"}],"wp:attachment":[{"href":"https:\/\/sur-madrid.com\/online\/wp-json\/wp\/v2\/media?parent=88977"}],"wp:term":[{"taxonomy":"category","embeddable":true,"href":"https:\/\/sur-madrid.com\/online\/wp-json\/wp\/v2\/categories?post=88977"},{"taxonomy":"post_tag","embeddable":true,"href":"https:\/\/sur-madrid.com\/online\/wp-json\/wp\/v2\/tags?post=88977"}],"curies":[{"name":"wp","href":"https:\/\/api.w.org\/{rel}","templated":true}]}}