{"id":88975,"date":"2026-08-14T19:58:05","date_gmt":"2026-08-14T17:58:05","guid":{"rendered":"https:\/\/sur-madrid.com\/online\/leganes-apuesta-por-la-inteligencia-artificial-con-el-impulso-del-cluster-tecnologico-de-legatec\/"},"modified":"2026-08-14T19:58:05","modified_gmt":"2026-08-14T17:58:05","slug":"leganes-apuesta-por-la-inteligencia-artificial-con-el-impulso-del-cluster-tecnologico-de-legatec","status":"publish","type":"post","link":"https:\/\/sur-madrid.com\/online\/leganes-apuesta-por-la-inteligencia-artificial-con-el-impulso-del-cluster-tecnologico-de-legatec\/","title":{"rendered":"Legan\u00e9s apuesta por la Inteligencia Artificial con el impulso del cl\u00faster tecnol\u00f3gico de Legatec"},"content":{"rendered":"\n\n<img decoding=\"async\" src=\"https:\/\/sur-madrid.com\/online\/\/wp-content\/uploads\/2026\/08\/RECORTE_HNxQTxeXIAA7C__.jpg\" alt=\"Legan\u00e9s apuesta por la Inteligencia Artificial con el impulso del cl\u00faster tecnol\u00f3gico de Legatec\" style=\"max-width:100%;height:auto;margin:0 auto\" \/>\n\n\n\n\n<p><strong>\uf038 El alcalde mantiene un encuentro con el consejero de Digitalizaci\u00f3n de la Comunidad de Madrid y representantes de la Universidad Carlos III para seguir potenciando uno de los principales polos de innovaci\u00f3n de la regi\u00f3n.<\/strong><\/p>\n\n\n\n\n<p>El Ayuntamiento de Legan\u00e9s contin\u00faa avanzando en su estrategia para consolidar al municipio como un referente en innovaci\u00f3n tecnol\u00f3gica. Con ese objetivo, el alcalde, Miguel \u00c1ngel Recuenco ha mantenido una reuni\u00f3n de trabajo con el consejero de Digitalizaci\u00f3n de la Comunidad de Madrid, Miguel L\u00f3pez-Valverde, y con el vicerrector de la Universidad Carlos III de Madrid, Luis E. Garc\u00eda Mu\u00f1oz, en un encuentro centrado en el desarrollo del cl\u00faster de Inteligencia Artificial ubicado en Legatec.<\/p>\n\n\n\n\n<p>Durante la reuni\u00f3n se abordaron las oportunidades que ofrece este ecosistema tecnol\u00f3gico, considerado una de las grandes fortalezas de Legan\u00e9s y de toda la Comunidad de Madrid para impulsar la investigaci\u00f3n, la innovaci\u00f3n y la colaboraci\u00f3n entre administraciones, universidades y empresas del sector tecnol\u00f3gico.<\/p>\n\n\n\n\n<img decoding=\"async\" src=\"https:\/\/sur-madrid.com\/online\/\/wp-content\/uploads\/2026\/08\/RECORTE_HNxQTxjWwAAARcc.jpg\" alt=\"Legan\u00e9s apuesta por la Inteligencia Artificial con el impulso del cl\u00faster tecnol\u00f3gico de Legatec\" style=\"max-width:100%;height:auto;margin:0 auto\" \/>\n\n\n\n\n<p>El cl\u00faster de Inteligencia Artificial de Legatec se perfila como un espacio estrat\u00e9gico para atraer inversi\u00f3n, fomentar el desarrollo de nuevas tecnolog\u00edas y favorecer la creaci\u00f3n de empleo cualificado, consolidando a Legan\u00e9s como uno de los principales polos de innovaci\u00f3n del sur de la regi\u00f3n.<\/p>\n\n\n\n\n<p>Desde el Ayuntamiento se ha destacado la importancia de seguir fortaleciendo la colaboraci\u00f3n institucional y acad\u00e9mica para impulsar proyectos de alto valor a\u00f1adido que contribuyan al crecimiento econ\u00f3mico y al posicionamiento del municipio como referente en transformaci\u00f3n digital e inteligencia artificial.<\/p>\n\n\n\n\n<img decoding=\"async\" src=\"https:\/\/sur-madrid.com\/online\/\/wp-content\/uploads\/2026\/08\/RECORTE_HNxQTxiXYAA9nrm.jpg\" alt=\"Legan\u00e9s apuesta por la Inteligencia Artificial con el impulso del cl\u00faster tecnol\u00f3gico de Legatec\" style=\"max-width:100%;height:auto;margin:0 auto\" \/>\n\n\n\n\n<p>&nbsp;<\/p>\n\n\n\n\n<p>14 de agosto de 2026<\/p>\n\n\n\n\n<p>Redacci\u00f3n LEGANES<\/p>\n\n<div class=\"madri-despues-del-contenido madri-entity-placement\" id=\"madri-281186350\"><div id=\"madri-226115014\"><p><a href=\"https:\/\/8madrid.tv\/\" target=\"_blank\" rel=\"noopener noreferrer\"><img decoding=\"async\" src=\"https:\/\/sur-madrid.com\/PUB\/2024\/8madridTV-Cabecera_700x160_15-11-2024_15-11-227.gif\" alt=\"Publicabecera\"><\/a><\/p>\n<\/div><\/div><div class=\"madri-debajo-de-la-noticia madri-entity-placement\" id=\"madri-2608499959\"><div id=\"madri-1307759622\"><p><a href=\"https:\/\/8madrid.tv\/\" target=\"_blank\" rel=\"noopener noreferrer\"><img decoding=\"async\" src=\"https:\/\/sur-madrid.com\/PUB\/2024\/8madridTV-Cuadrado_625x521_15-11-2024_15-11-227.gif\"><\/a><\/p>\n<\/div><\/div>","protected":false},"excerpt":{"rendered":"<p>\uf038 El alcalde mantiene un encuentro con el consejero de Digitalizaci\u00f3n de la Comunidad de Madrid y representantes de la Universidad Carlos III para seguir potenciando uno de los principales polos de innovaci\u00f3n de la regi\u00f3n. El Ayuntamiento de Legan\u00e9s contin\u00faa avanzando en su estrategia para consolidar al municipio como un referente en innovaci\u00f3n tecnol\u00f3gica. [&hellip;]<\/p>\n","protected":false},"author":5,"featured_media":88972,"comment_status":"","ping_status":"","sticky":false,"template":"","format":"standard","meta":{"footnotes":""},"categories":[5],"tags":[],"class_list":["post-88975","post","type-post","status-publish","format-standard","has-post-thumbnail","hentry","category-leganes"],"_links":{"self":[{"href":"https:\/\/sur-madrid.com\/online\/wp-json\/wp\/v2\/posts\/88975","targetHints":{"allow":["GET"]}}],"collection":[{"href":"https:\/\/sur-madrid.com\/online\/wp-json\/wp\/v2\/posts"}],"about":[{"href":"https:\/\/sur-madrid.com\/online\/wp-json\/wp\/v2\/types\/post"}],"author":[{"embeddable":true,"href":"https:\/\/sur-madrid.com\/online\/wp-json\/wp\/v2\/users\/5"}],"replies":[{"embeddable":true,"href":"https:\/\/sur-madrid.com\/online\/wp-json\/wp\/v2\/comments?post=88975"}],"version-history":[{"count":0,"href":"https:\/\/sur-madrid.com\/online\/wp-json\/wp\/v2\/posts\/88975\/revisions"}],"wp:featuredmedia":[{"embeddable":true,"href":"https:\/\/sur-madrid.com\/online\/wp-json\/wp\/v2\/media\/88972"}],"wp:attachment":[{"href":"https:\/\/sur-madrid.com\/online\/wp-json\/wp\/v2\/media?parent=88975"}],"wp:term":[{"taxonomy":"category","embeddable":true,"href":"https:\/\/sur-madrid.com\/online\/wp-json\/wp\/v2\/categories?post=88975"},{"taxonomy":"post_tag","embeddable":true,"href":"https:\/\/sur-madrid.com\/online\/wp-json\/wp\/v2\/tags?post=88975"}],"curies":[{"name":"wp","href":"https:\/\/api.w.org\/{rel}","templated":true}]}}